{"id":13799,"date":"2021-10-19T12:53:20","date_gmt":"2021-10-19T10:53:20","guid":{"rendered":"https:\/\/cases.fundesplai.org\/?p=13799"},"modified":"2025-12-22T08:32:13","modified_gmt":"2025-12-22T07:32:13","slug":"recorre-las-vias-verdes-de-cataluna-parte-1-2","status":"publish","type":"post","link":"https:\/\/cases.fundesplai.org\/es\/blog-es\/excursiones\/recorre-las-vias-verdes-de-cataluna-parte-1-2\/","title":{"rendered":"\u00a1Recorre las V\u00edas Verdes de Catalu\u00f1a! (Parte 2)"},"content":{"rendered":"<p>[et_pb_section fb_built=\u00bb1&#8243; _builder_version=\u00bb4.16&#8243; _module_preset=\u00bbdefault\u00bb global_colors_info=\u00bb{}\u00bb][et_pb_row _builder_version=\u00bb4.16&#8243; _module_preset=\u00bbdefault\u00bb global_colors_info=\u00bb{}\u00bb][et_pb_column type=\u00bb4_4&#8243; _builder_version=\u00bb4.16&#8243; _module_preset=\u00bbdefault\u00bb global_colors_info=\u00bb{}\u00bb][et_pb_text _builder_version=\u00bb4.16&#8243; _module_preset=\u00bbdefault\u00bb global_colors_info=\u00bb{}\u00bb]<\/p>\n<p>La semana pasada te hablamos sobre <strong><a href=\"https:\/\/cases.fundesplai.org\/es\/blog-es\/excursiones\/recorre-las-vias-verdes-de-cataluna-parte-1\/\">qu\u00e9 eran las V\u00edas Verdes y algunas que hay aqu\u00ed, en Catalu\u00f1a<\/a><\/strong>. Pero s\u00f3lo os ense\u00f1amos las que forman parte de las provincias de Barcelona y Tarragona, as\u00ed que <strong>hoy te traemos la segunda parte de esta entrada con las V\u00edas Verdes de Gerona y L\u00e9rida<\/strong>. \u00a1Tambi\u00e9n son geniales!<\/p>\n<p>Recuerda que las V\u00edas Verdes <strong>son caminos antiguos que estaban trazados por ferrocarriles &#8211; que ya no est\u00e1n activos &#8211; y que se han reutilizado para convertirlos en itinerarios perfectos para ir andando o en bicicleta<\/strong>. Han sido acondicionados por el <a href=\"https:\/\/www.mapa.gob.es\/es\/\">Ministerio de Agricultura y Pesca, Alimentaci\u00f3n<\/a> y <a href=\"https:\/\/www.miteco.gob.es\/es\/\">Medio Ambiente<\/a>, junto con las Diputaciones de cada provincia de <a href=\"https:\/\/es.wikipedia.org\/wiki\/Catalu%C3%B1a\">Catalu\u00f1a<\/a>.<\/p>\n<p>[\/et_pb_text][et_pb_text _builder_version=\u00bb4.16&#8243; _module_preset=\u00bbdefault\u00bb custom_margin=\u00bb20px||30px||false|false\u00bb global_colors_info=\u00bb{}\u00bb]<\/p>\n<p style=\"text-align: center;\"><i class=\"fas fa-biking\"><\/i><strong> Tienes ganas de descubrir qu\u00e9 V\u00edas Verdes hay en Gerona y L\u00e9rida?<\/strong><\/p>\n<p>[\/et_pb_text][et_pb_image src=\u00bbhttps:\/\/cases.fundesplai.org\/wp-content\/uploads\/2021\/10\/Nuevo-proyecto-10.jpg\u00bb alt=\u00bbV\u00edas Verdes Gerona y L\u00e9rida\u00bb title_text=\u00bbV\u00edas Verdes Gerona y L\u00e9rida\u00bb align=\u00bbcenter\u00bb force_fullwidth=\u00bbon\u00bb _builder_version=\u00bb4.16&#8243; _module_preset=\u00bbdefault\u00bb global_colors_info=\u00bb{}\u00bb][\/et_pb_image][et_pb_divider _builder_version=\u00bb4.16&#8243; _module_preset=\u00bbdefault\u00bb custom_margin=\u00bb40px||30px||false|false\u00bb global_colors_info=\u00bb{}\u00bb][\/et_pb_divider][\/et_pb_column][\/et_pb_row][et_pb_row _builder_version=\u00bb4.16&#8243; _module_preset=\u00bbdefault\u00bb global_colors_info=\u00bb{}\u00bb][et_pb_column type=\u00bb4_4&#8243; _builder_version=\u00bb4.16&#8243; _module_preset=\u00bbdefault\u00bb global_colors_info=\u00bb{}\u00bb][et_pb_text disabled_on=\u00bbon|on|on\u00bb admin_label=\u00bbBarcelona\u00bb _builder_version=\u00bb4.16&#8243; _module_preset=\u00bbdefault\u00bb disabled=\u00bbon\u00bb global_colors_info=\u00bb{}\u00bb]<\/p>\n<h3><strong>V\u00edas Verdes &#8211; Prov\u00edncia Barcelona<\/strong><\/h3>\n<p>[\/et_pb_text][et_pb_text disabled_on=\u00bbon|on|on\u00bb admin_label=\u00bb1. Via Verda del Llobregat\u00bb _builder_version=\u00bb4.16&#8243; _module_preset=\u00bbdefault\u00bb custom_margin=\u00bb30px||||false|false\u00bb disabled=\u00bbon\u00bb global_colors_info=\u00bb{}\u00bb]<\/p>\n<h3>1. Via Verda del Llobregat<\/h3>\n<p>Aquesta Via Verda segueix el cam\u00ed del <a href=\"https:\/\/ca.wikipedia.org\/wiki\/Llobregat\">Riu Llobregat<\/a> a trav\u00e9s de l&#8217;antic ferrocarril de Manresa &#8211; Olvan. \u00c9s un cam\u00ed molt bonic i, alhora, superinteressant: s&#8217;endinsa en l&#8217;univers de les col\u00f2nies industrials que van funcionar durant el segle XIX i les antigues f\u00e0briques t\u00e8xtils que hi havia a la zona del <a href=\"https:\/\/ca.wikipedia.org\/wiki\/Bergued%C3%A0\">Bergued\u00e0<\/a>. \u00c9s <strong>un cam\u00ed no massa llarg d&#8217;un total de 6,5 km per fer-lo caminant o en bicicleta<\/strong>. A m\u00e9s a m\u00e9s de les col\u00f2nies industrials i les f\u00e0briques t\u00e8xtils, quan facis el cam\u00ed tamb\u00e9 trobar\u00e0s la famosa <a href=\"https:\/\/ca.wikipedia.org\/wiki\/Sant_Quirze_de_Pedret\">Ermita de Sant Quirze de Pedret<\/a> i el Pont G\u00f2tic de Pedret. T&#8217;animes a fer aquesta petita excursi\u00f3?<\/p>\n<p>[\/et_pb_text][et_pb_code disabled_on=\u00bbon|on|on\u00bb _builder_version=\u00bb4.16&#8243; _module_preset=\u00bbdefault\u00bb custom_margin=\u00bb20px||||false|false\u00bb disabled=\u00bbon\u00bb global_colors_info=\u00bb{}\u00bb]<pee><iframe loading=\"lazy\" src=\"https:\/\/www.google.com\/maps\/d\/embed?mid=1GgqKb8UXnLcC22uDW3BVbT7b8F5wkCQZ\" width=\"1200\" height=\"250\"><\/iframe><\/pee>[\/et_pb_code][et_pb_text disabled_on=\u00bbon|on|on\u00bb admin_label=\u00bb2. Via Verda del Nicolau\u00bb _builder_version=\u00bb4.16&#8243; _module_preset=\u00bbdefault\u00bb custom_margin=\u00bb30px||||false|false\u00bb disabled=\u00bbon\u00bb global_colors_info=\u00bb{}\u00bb]<\/p>\n<h3>2. Via Verda del Nicolau<\/h3>\n<p>La Via Verda del Nicolau est\u00e0 situada en un entorn natural espectacular que alberga molta hist\u00f2ria! Aquest cam\u00ed transita l&#8217;antiga via del ferrocarril que transportava la fusta que es serrava als boscos de la zona del<a href=\"https:\/\/ca.wikipedia.org\/wiki\/Parc_Natural_del_Cad%C3%AD-Moixer%C3%B3\"> Cad\u00ed Moixer\u00f3<\/a>. Quant a la seva longitud, \u00e9s bastant semblant a la via verda anterior, t\u00e9 un total de <strong>6,10 km transitables<\/strong> si vas en bicicleta o caminant. En aquest cam\u00ed trobar\u00e0s miradors impressionants, passarel\u00b7les, l&#8217;<a href=\"https:\/\/ca.wikipedia.org\/wiki\/Sant_Joan_d%27Avellanet\">Esgl\u00e9sia rom\u00e0nica de Sant Joan d&#8217;Avellanet<\/a> i la Font de la Vinya, famosa per ser considerada una font medicinal pel ve\u00efnat!<\/p>\n<p>[\/et_pb_text][et_pb_code disabled_on=\u00bbon|on|on\u00bb _builder_version=\u00bb4.16&#8243; _module_preset=\u00bbdefault\u00bb custom_margin=\u00bb20px||||false|false\u00bb disabled=\u00bbon\u00bb global_colors_info=\u00bb{}\u00bb]<pee><iframe loading=\"lazy\" src=\"https:\/\/www.google.com\/maps\/d\/embed?mid=1wUOMOIMYPwKl57R5T0qaG0UeBQ6yjVis\" width=\"1200\" height=\"250\"><\/iframe><\/pee>[\/et_pb_code][et_pb_text disabled_on=\u00bbon|on|on\u00bb admin_label=\u00bb3. Via Verda del Vall\u00e8s\u00bb _builder_version=\u00bb4.16&#8243; _module_preset=\u00bbdefault\u00bb custom_margin=\u00bb30px||||false|false\u00bb disabled=\u00bbon\u00bb global_colors_info=\u00bb{}\u00bb]<\/p>\n<h3>3. Via Verda del Vall\u00e8s<\/h3>\n<p>La Via Verda del Vall\u00e8s \u00e9s molt m\u00e9s curteta que les que hem vist anteriorment. Es tracta d&#8217;un cam\u00ed d&#8217;<strong>1,5 km de longitud<\/strong> que va des de l&#8217;estaci\u00f3 de tren de <a href=\"https:\/\/ca.wikipedia.org\/wiki\/Bellaterra\">Bellaterra<\/a> (al costat de la <a href=\"https:\/\/ca.wikipedia.org\/wiki\/Universitat_Aut%C3%B2noma_de_Barcelona\">Universitat Aut\u00f2noma de Barcelona<\/a>) fins a la urbanitzaci\u00f3 Col\u00f2nia Castelltort de <a href=\"https:\/\/ca.wikipedia.org\/wiki\/Sant_Quirze_del_Vall%C3%A8s\">Sant Quirze del Vall\u00e8s<\/a>. El principal atractiu d&#8217;aquest cam\u00ed \u00e9s la naturalesa: veurem tot verd i unes poques urbanitzacions molt tranquil\u00b7les de la zona! Agafa la bicicleta o les vambes per caminar i a gaudir!<\/p>\n<p>[\/et_pb_text][et_pb_code disabled_on=\u00bbon|on|on\u00bb _builder_version=\u00bb4.16&#8243; _module_preset=\u00bbdefault\u00bb custom_margin=\u00bb20px||||false|false\u00bb disabled=\u00bbon\u00bb global_colors_info=\u00bb{}\u00bb]<pee><iframe loading=\"lazy\" src=\"https:\/\/www.google.com\/maps\/d\/embed?mid=1E0rldquu7sZbIDCIcig7Hh4Y9zRpmgR6\" width=\"1200\" height=\"250\"><\/iframe><\/pee>[\/et_pb_code][et_pb_text disabled_on=\u00bboff|off|off\u00bb admin_label=\u00bbGirona\u00bb _builder_version=\u00bb4.16&#8243; _module_preset=\u00bbdefault\u00bb custom_margin=\u00bb||||false|false\u00bb global_colors_info=\u00bb{}\u00bb]<\/p>\n<h3><strong>V\u00edas Verdes \/ Pirinexus &#8211; Provincia Girona<\/strong><\/h3>\n<p>[\/et_pb_text][et_pb_text disabled_on=\u00bboff|off|off\u00bb admin_label=\u00bb1. Via Verda del Carrilet Olot\u00bb _builder_version=\u00bb4.16&#8243; _module_preset=\u00bbdefault\u00bb custom_margin=\u00bb30px||||false|false\u00bb global_colors_info=\u00bb{}\u00bb]<\/p>\n<h3>1. V\u00eda Verde del Carrilet I<\/h3>\n<p>La V\u00eda Verde del Carrilet I es un itinerario comprendido entre las ciudades de <a href=\"https:\/\/es.wikipedia.org\/wiki\/Olot\">Olot<\/a> y <a href=\"https:\/\/es.wikipedia.org\/wiki\/Gerona\">Gerona<\/a>. En este camino, de una <strong>longitud aproximada de 54 km<\/strong>, transitaba un ferrocarril que se convirti\u00f3 en la principal arteria de comunicaciones de las comarcas de<a href=\"https:\/\/es.wikipedia.org\/wiki\/La_Garrocha\"> La Garrotxa<\/a>. Los paisajes que encontrar\u00e1s andando o en bicicleta son alucinantes: podr\u00e1s ver los r\u00edos <a href=\"https:\/\/es.wikipedia.org\/wiki\/R%C3%ADo_Ter\">Ter<\/a>, <a href=\"https:\/\/es.wikipedia.org\/wiki\/R%C3%ADo_Brugent_(del_Ter)\">Bruguent<\/a> y <a href=\"https:\/\/es.wikipedia.org\/wiki\/R%C3%ADo_Fluvi%C3%A1\">Fluvi\u00e1<\/a>, y todo esto mientras paseas por debajo de los imponentes <a href=\"https:\/\/es.wikipedia.org\/wiki\/Regi%C3%B3n_volc%C3%A1nica_de_La_Garrocha\">volcanes de La Garrotxa<\/a>.<\/p>\n<p>[\/et_pb_text][et_pb_code disabled_on=\u00bboff|off|off\u00bb _builder_version=\u00bb4.16&#8243; _module_preset=\u00bbdefault\u00bb custom_margin=\u00bb20px||||false|false\u00bb global_colors_info=\u00bb{}\u00bb]<pee><iframe loading=\"lazy\" src=\"https:\/\/www.google.com\/maps\/d\/embed?mid=1FWgrRKpmyG4bcPzk94U3YufycfcFaH4a\" width=\"1200\" height=\"250\"><\/iframe><\/pee>[\/et_pb_code][et_pb_text disabled_on=\u00bboff|off|off\u00bb admin_label=\u00bb2. Via Verda del Carrilet Sant Feliu de Gu\u00edxols\u00bb _builder_version=\u00bb4.16&#8243; _module_preset=\u00bbdefault\u00bb custom_margin=\u00bb30px||||false|false\u00bb global_colors_info=\u00bb{}\u00bb]<\/p>\n<h3>2. V\u00eda Verde del Carrilet II<\/h3>\n<p>La V\u00eda Verde del Carrilet II, en este caso, hace el itinerario desde <a href=\"https:\/\/es.wikipedia.org\/wiki\/Gerona\">Gerona<\/a> hasta <a href=\"https:\/\/es.wikipedia.org\/wiki\/San_Fel%C3%ADu_de_Guixols\">Sant Feliu de Gu\u00edxols<\/a>, la costa catalana. Esto significa que, si juntamos esta ruta con la anterior podemos ir desde Olot hasta las playas mediterr\u00e1neas. Impresionante, \u00bfverdad? En un futuro pr\u00f3ximo tambi\u00e9n podremos juntar la <a href=\"#viaferro\">V\u00eda Verde del Ferro y del Carb\u00f3<\/a> y la ruta de los Pirineos hasta la playa se har\u00e1 realidad con \u00a1un total de 135km! En esta V\u00eda Verde,<strong> de 39 km de longitud<\/strong>, encontraremos paisajes mediterr\u00e1neos de una belleza singular.<\/p>\n<p>[\/et_pb_text][et_pb_code disabled_on=\u00bboff|off|off\u00bb _builder_version=\u00bb4.16&#8243; _module_preset=\u00bbdefault\u00bb custom_margin=\u00bb20px||||false|false\u00bb global_colors_info=\u00bb{}\u00bb]<pee><iframe loading=\"lazy\" src=\"https:\/\/www.google.com\/maps\/d\/embed?mid=16tcNGJ0tgBQo796tFRlFa2gz71NzVUBE\" width=\"1200\" height=\"250\"><\/iframe><\/pee>[\/et_pb_code][et_pb_text disabled_on=\u00bboff|off|off\u00bb admin_label=\u00bb3. Via Verda del Ferro i del Carb\u00f3\u00bb _builder_version=\u00bb4.16&#8243; _module_preset=\u00bbdefault\u00bb custom_margin=\u00bb30px||||false|false\u00bb global_colors_info=\u00bb{}\u00bb]<\/p>\n<h3 id=\"viaferro\">3. V\u00eda Verde del Ferro y del Carb\u00f3<\/h3>\n<p>La V\u00eda Verde del Ferro y del Carb\u00f3 tambi\u00e9n la encontramos en la <a href=\"https:\/\/es.wikipedia.org\/wiki\/Provincia_de_Gerona\">provincia de Gerona<\/a>. Concretamente con esta ruta ir\u00e1s desde <a href=\"https:\/\/es.wikipedia.org\/wiki\/Ripoll\">Ripoll<\/a> hasta <a href=\"https:\/\/es.wikipedia.org\/wiki\/Ogassa\">Ogassa<\/a>. De hecho, cuando llegues a Ogassa no puedes perder la oportunidad de<a href=\"https:\/\/www.lavanguardia.com.\/local\/girona\/20170925\/431446364612\/memoria-minera-ogassa-museo-vecinos.html\"> visitar las minas que tienes en este pueblo<\/a>: antiguamente el motor de un movimiento industrial esencial para el crecimiento de Catalu\u00f1a. El itinerario <strong>tiene un total de 15 km asfaltados<\/strong> y, por lo tanto, accesible tambi\u00e9n para ir en silla de ruedas. Queremos recomendarte este itinerario, ya que, como hemos dicho,<strong> queda muy cerquita de Ogassa d\u00f3nde est\u00e1 una de nuestras <a href=\"https:\/\/cases.fundesplai.org\/es\/\">casas de colonias<\/a>: \u00a1<a href=\"https:\/\/cases.fundesplai.org\/es\/equipament\/mas-cabalies\/\">Mas Cab\u00e0lies<\/a>!<\/strong> Ven a pasar un fin de semana en grande con todos los<a href=\"https:\/\/cases.fundesplai.org\/es\/?page_id=4911&#038;fwp_equipament_itineraris=203\"> itinerarios que tenemos preparados para ti<\/a>.<\/p>\n<p>[\/et_pb_text][et_pb_code disabled_on=\u00bboff|off|off\u00bb _builder_version=\u00bb4.16&#8243; _module_preset=\u00bbdefault\u00bb custom_margin=\u00bb20px||||false|false\u00bb global_colors_info=\u00bb{}\u00bb]<pee><iframe loading=\"lazy\" src=\"https:\/\/www.google.com\/maps\/d\/embed?mid=1LED305mckj9PsK9VBcjTW5rep9VQ_sUa\" width=\"1200\" height=\"250\"><\/iframe><\/pee>[\/et_pb_code][et_pb_text disabled_on=\u00bboff|off|off\u00bb admin_label=\u00bb4. Via Verda del Tren Pinxo\u00bb _builder_version=\u00bb4.16&#8243; _module_preset=\u00bbdefault\u00bb custom_margin=\u00bb30px||||false|false\u00bb global_colors_info=\u00bb{}\u00bb]<\/p>\n<h3>4. V\u00eda Verde del Tren Pinxo<\/h3>\n<p>El Tren Pinxo fue un tranvia que viajaba desde <a href=\"https:\/\/es.wikipedia.org\/wiki\/Gerona\">Gerona<\/a> hasta <a href=\"https:\/\/es.wikipedia.org\/wiki\/Ba%C3%B1olas\">Ba\u00f1olas<\/a> y el camino que recorr\u00eda se ha convertido hoy en una V\u00eda Verde para veh\u00edculos no motorizados y para personas con ganas de pasear. Es<strong> una ruta de unos 4,5 km aproximadamente<\/strong> y est\u00e1 totalmente adaptada, ya que el suelo est\u00e1 formado por hormig\u00f3n. I si decides hacerla, pasear\u00e1s cerca del r\u00edo Ter con unos paisajes bien bonitos hasta llegar a <a href=\"https:\/\/es.wikipedia.org\/wiki\/Sarri%C3%A1_de_Ter\">Sarri\u00e1 de Ter<\/a>.<\/p>\n<p>[\/et_pb_text][et_pb_code disabled_on=\u00bboff|off|off\u00bb _builder_version=\u00bb4.16&#8243; _module_preset=\u00bbdefault\u00bb custom_margin=\u00bb20px||||false|false\u00bb global_colors_info=\u00bb{}\u00bb]<pee><iframe loading=\"lazy\" src=\"https:\/\/www.google.com\/maps\/d\/embed?mid=1MF9JhkTmBxkR32cSvcgOUlBv3KbbzQah\" width=\"1200\" height=\"250\"><\/iframe><\/pee>[\/et_pb_code][et_pb_text disabled_on=\u00bboff|off|off\u00bb admin_label=\u00bb5. Via Verda del Tren Petit\u00bb _builder_version=\u00bb4.16&#8243; _module_preset=\u00bbdefault\u00bb custom_margin=\u00bb30px||||false|false\u00bb global_colors_info=\u00bb{}\u00bb]<\/p>\n<h3>5. V\u00eda Verde del Tren Petit<\/h3>\n<p>La V\u00eda Verde del Tren Petit une <a href=\"https:\/\/es.wikipedia.org\/wiki\/Palam%C3%B3s\">Palam\u00f3s<\/a> y <a href=\"https:\/\/es.wikipedia.org\/wiki\/Palafrugell\">Palafrugell<\/a>, ambos municipios de la provincia de Gerona. Esta ruta &#8211; antes conocida como la del \u00abtren petit\u00bb (traducci\u00f3n de <em>tren peque\u00f1o<\/em>) &#8211; <strong>tiene una longitud de 6 km<\/strong> y su trazado pasa por el antiguo recorrido del tren que conectaba Palam\u00f3s con Gerona. Es una ruta preciosa y diferente de las que hemos visto anteriormente, ya que se encuentra mucho m\u00e1s cerca del mar: encontraremos la playa del Castillo, casitas de pescadores, el <a href=\"https:\/\/museudelapesca.org\/es\/\">Museo de la Pesca de Palam\u00f3s<\/a>, la Torre de Sant Sebasti\u00e0, la Torre de can Mario y el <a href=\"https:\/\/es.wikipedia.org\/wiki\/Port_Bo_de_Calella\">Port Bo de Calella<\/a>.<\/p>\n<p>[\/et_pb_text][et_pb_code disabled_on=\u00bboff|off|off\u00bb _builder_version=\u00bb4.16&#8243; _module_preset=\u00bbdefault\u00bb custom_margin=\u00bb20px||||false|false\u00bb global_colors_info=\u00bb{}\u00bb]<pee><iframe loading=\"lazy\" src=\"https:\/\/www.google.com\/maps\/d\/embed?mid=1dvYficozOEQ4YM73avYygCr84gh1bc-A\" width=\"1200\" height=\"250\"><\/iframe><\/pee>[\/et_pb_code][et_pb_text disabled_on=\u00bboff|off|off\u00bb admin_label=\u00bb6. Pirinexus Girona\u00bb _builder_version=\u00bb4.16&#8243; _module_preset=\u00bbdefault\u00bb custom_margin=\u00bb30px||||false|false\u00bb global_colors_info=\u00bb{}\u00bb]<\/p>\n<h3>6. Pirinexus Gerona<\/h3>\n<p>Hasta ahora s\u00f3lo hemos visto las<a href=\"https:\/\/www.viesverdes.cat\/es\/\"> V\u00edas Verdes de Gerona<\/a>, pero existen unas rutas complementarias que te ser\u00e1n \u00fatiles si tienes ganas de pasear: las etapas <a href=\"https:\/\/www.viesverdes.cat\/es\/rutas\/pirinexus\/\">Pirinexus<\/a>. El Pirinexus es una ruta circular de <strong>un total de 353 km de recorrido que une las comarcas de Gerona con Catalu\u00f1a Norte y Francia<\/strong>. De hecho, parte del recorrido de Pirinexus coincide con las V\u00edas Verdes vistas anteriormente, hecho s\u00faper interesante para tener m\u00e1s variedad a la hora de escoger las rutas que quieras hacer.<\/p>\n<p>[\/et_pb_text][et_pb_image src=\u00bbhttps:\/\/cases.fundesplai.org\/wp-content\/uploads\/2021\/10\/Nuevo-proyecto-11.jpg\u00bb title_text=\u00bbNuevo proyecto (11)\u00bb _builder_version=\u00bb4.16&#8243; _module_preset=\u00bbdefault\u00bb custom_margin=\u00bb20px||||false|false\u00bb global_colors_info=\u00bb{}\u00bb][\/et_pb_image][et_pb_text disabled_on=\u00bbon|on|on\u00bb admin_label=\u00bbTarragona\u00bb _builder_version=\u00bb4.16&#8243; _module_preset=\u00bbdefault\u00bb custom_margin=\u00bb40px||||false|false\u00bb disabled=\u00bbon\u00bb global_colors_info=\u00bb{}\u00bb]<\/p>\n<h3><strong>Vies Verdes &#8211; Prov\u00edncia Tarragona<\/strong><\/h3>\n<p>[\/et_pb_text][et_pb_code disabled_on=\u00bbon|on|on\u00bb _builder_version=\u00bb4.16&#8243; _module_preset=\u00bbdefault\u00bb custom_margin=\u00bb20px||||false|false\u00bb disabled=\u00bbon\u00bb global_colors_info=\u00bb{}\u00bb]<pee><iframe loading=\"lazy\" src=\"https:\/\/www.google.com\/maps\/d\/embed?mid=1jR8X8FxQO121IuWSz9i8zh6Pzv40iLB8\" width=\"1200\" height=\"250\"><\/iframe><\/pee>[\/et_pb_code][et_pb_text disabled_on=\u00bbon|on|on\u00bb admin_label=\u00bb2. Via Verda del Val de Zaf\u00e1n Baix Ebre\u00bb _builder_version=\u00bb4.16&#8243; _module_preset=\u00bbdefault\u00bb custom_margin=\u00bb30px||||false|false\u00bb disabled=\u00bbon\u00bb global_colors_info=\u00bb{}\u00bb]<\/p>\n<h3>2. Via Verda del Val de Zaf\u00e1n Baix Ebre<\/h3>\n<p>Aquesta \u00e9s la continuaci\u00f3 de la Via Verda del Val de Zaf\u00e1n de Terra Alta! La ruta ens portar\u00e0 des del Parc Natural dels Ports fins a Tortosa (per la comarca del <a href=\"https:\/\/ca.wikipedia.org\/wiki\/Baix_Ebre\">Baix Ebre<\/a>). \u00c9s un tram amb uns paratges muntanyosos espectaculars, amb camps d&#8217;arr\u00f2s i la <a href=\"https:\/\/ca.wikipedia.org\/wiki\/Parc_Natural_del_Delta_de_l%27Ebre\">desembocadura de l&#8217;Ebre<\/a> que deixa a qualsevol persona sense al\u00e8. A m\u00e9s, com \u00e9s la continuaci\u00f3 de la Via Verda anterior, segueix sent un cam\u00ed molt ben asfaltat on trobar\u00e0s persones anant en bicicleta, caminant o cadira de rodes! <strong>T\u00e9 una longitud total de 26 km<\/strong>.<\/p>\n<p>[\/et_pb_text][et_pb_code disabled_on=\u00bbon|on|on\u00bb _builder_version=\u00bb4.16&#8243; _module_preset=\u00bbdefault\u00bb custom_margin=\u00bb20px||||false|false\u00bb disabled=\u00bbon\u00bb global_colors_info=\u00bb{}\u00bb]<pee><iframe loading=\"lazy\" src=\"https:\/\/www.google.com\/maps\/d\/embed?mid=1lceGEubfVNC2AYrhW0-6lYwGoAwz00g2\" width=\"1200\" height=\"250\"><\/iframe><\/pee>[\/et_pb_code][et_pb_text disabled_on=\u00bbon|on|on\u00bb admin_label=\u00bb3. Via Verda del Carrilet de la Cava\u00bb _builder_version=\u00bb4.16&#8243; _module_preset=\u00bbdefault\u00bb custom_margin=\u00bb30px||||false|false\u00bb disabled=\u00bbon\u00bb global_colors_info=\u00bb{}\u00bb]<\/p>\n<h3>3. Via Verda del Carrilet de la Cava<\/h3>\n<p>La Via Verda del Carrilet de la Cava \u00e9s una ruta molt m\u00e9s curta de les que veiem anteriorment de Tarragona. T\u00e9<strong> una longitud total de 7 km<\/strong> que va des de La Petja fins als afores d&#8217;Amposta, tot seguint el cam\u00ed del riu Ebre. \u00c9s una ruta preciosa, ja que pots veure els camps cultivats de c\u00edtrics i <a href=\"https:\/\/ca.wikipedia.org\/wiki\/Arr%C3%B2s_del_Delta_de_l%27Ebre\">arr\u00f2s<\/a>, t\u00edpic paisatge del <a href=\"https:\/\/ca.wikipedia.org\/wiki\/Parc_Natural_del_Delta_de_l%27Ebre\">Parc Natural del Delta de l&#8217;Ebre<\/a>.<\/p>\n<p>[\/et_pb_text][et_pb_code disabled_on=\u00bbon|on|on\u00bb _builder_version=\u00bb4.16&#8243; _module_preset=\u00bbdefault\u00bb custom_margin=\u00bb20px||||false|false\u00bb disabled=\u00bbon\u00bb global_colors_info=\u00bb{}\u00bb]<pee><iframe loading=\"lazy\" src=\"https:\/\/www.google.com\/maps\/d\/embed?mid=17mQByaApWplgovP_QoMqL-xLCHBekakx\" width=\"1200\" height=\"250\"><\/iframe><\/pee>[\/et_pb_code][et_pb_text disabled_on=\u00bboff|off|off\u00bb admin_label=\u00bbLleida\u00bb _builder_version=\u00bb4.16&#8243; _module_preset=\u00bbdefault\u00bb custom_margin=\u00bb40px||||false|false\u00bb global_colors_info=\u00bb{}\u00bb]<\/p>\n<h3><strong>V\u00edas Verdes \/ BTT y Cicloturismo &#8211; Provincia L\u00e9rida<\/strong><\/h3>\n<p>[\/et_pb_text][et_pb_text disabled_on=\u00bboff|off|off\u00bb admin_label=\u00bb1. Via Verda de la Vall Fosca\u00bb _builder_version=\u00bb4.16&#8243; _module_preset=\u00bbdefault\u00bb custom_margin=\u00bb30px||||false|false\u00bb global_colors_info=\u00bb{}\u00bb]<\/p>\n<h3>1. V\u00eda Verde de la Vall Fosca<\/h3>\n<p>La V\u00eda Verde de la Vall Fosca, en la <a href=\"https:\/\/es.wikipedia.org\/wiki\/Provincia_de_L%C3%A9rida\">provincia de L\u00e9rida<\/a>, es el camino m\u00e1s complicado que encontraremos de todos los que hemos visto hasta ahora. Y no es porque tenga mucho desnivel ni sea demasiado largo &#8211; <strong>5 km en total de longitud<\/strong> -, sino porque esta v\u00eda a\u00fan no est\u00e1 arreglada y, por lo tanto, no hay se\u00f1alizaci\u00f3n, hay problemas de discontinuidad y a\u00fan se conservan algunos carriles. De todas maneras, si ya eres un experto\/a en las V\u00edas Verdes y tienes ganas de visitar el <a href=\"https:\/\/es.wikipedia.org\/wiki\/Parque_nacional_de_Aiguas_Tortas_y_Lago_de_San_Mauricio\">Parque Nacional de Aig\u00fcestortes<\/a> de una forma diferente, \u00a1seguro que te encantar\u00e1!<\/p>\n<p>[\/et_pb_text][et_pb_code _builder_version=\u00bb4.16&#8243; _module_preset=\u00bbdefault\u00bb custom_margin=\u00bb20px||||false|false\u00bb global_colors_info=\u00bb{}\u00bb]<pee><iframe loading=\"lazy\" src=\"https:\/\/www.google.com\/maps\/d\/embed?mid=1CcLzR031h0xYxS0tr3DFFhTdAx4JhkFk\" width=\"1200\" height=\"250\"><\/iframe><\/pee>[\/et_pb_code][et_pb_text disabled_on=\u00bboff|off|off\u00bb admin_label=\u00bb2. BTT i Cicloturisme\u00bb _builder_version=\u00bb4.16&#8243; _module_preset=\u00bbdefault\u00bb custom_margin=\u00bb30px||||false|false\u00bb global_colors_info=\u00bb{}\u00bb]<\/p>\n<h3>2. BTT y Cicloturismo<\/h3>\n<p>Ya que en la provincia de L\u00e9rida s\u00f3lo encontramso una V\u00eda Verde, hemos pensado que ser\u00eda muy \u00fatil ense\u00f1arte <strong>estas rutas de BTT (bicicleta todo terreno) y de Cicloturismo<\/strong>. Se trata de una gu\u00eda que recoge <strong><a href=\"https:\/\/www.aralleida.cat\/Portals\/2\/Publicacions\/pdf\/cat\/guiabtt\/guia_BTT_aralleida_CAT_CAST_web.pdf\">un total de 26 rutas diferentes<\/a> repartidas entre el Pirineo y las Tierras de L\u00e9rida<\/strong>. Encontrar\u00e1s informaci\u00f3n de toda clase en cada ruta: la duraci\u00f3n, el lugar de inicio, el desnivel acumulado, la distancia, la dificultad, la \u00e9poca del a\u00f1o que es mejor ir, etc. Y, a dem\u00e1s, la mayor\u00eda de estas rutas las podr\u00e1s activar en tu m\u00f3vil con el c\u00f3digo QR que aparece en la gu\u00eda. \u00a1Qu\u00e9 f\u00e1cil!<\/p>\n<p>[\/et_pb_text][et_pb_image src=\u00bbhttps:\/\/cases.fundesplai.org\/wp-content\/uploads\/2021\/10\/Nuevo-proyecto-12.jpg\u00bb title_text=\u00bbNuevo proyecto (12)\u00bb _builder_version=\u00bb4.16&#8243; _module_preset=\u00bbdefault\u00bb custom_margin=\u00bb20px||||false|false\u00bb global_colors_info=\u00bb{}\u00bb][\/et_pb_image][\/et_pb_column][\/et_pb_row][et_pb_row _builder_version=\u00bb4.16&#8243; _module_preset=\u00bbdefault\u00bb global_colors_info=\u00bb{}\u00bb][et_pb_column type=\u00bb4_4&#8243; _builder_version=\u00bb4.16&#8243; _module_preset=\u00bbdefault\u00bb global_colors_info=\u00bb{}\u00bb][et_pb_divider _builder_version=\u00bb4.16&#8243; _module_preset=\u00bbdefault\u00bb custom_margin=\u00bb30px||20px||false|false\u00bb global_colors_info=\u00bb{}\u00bb][\/et_pb_divider][et_pb_text _builder_version=\u00bb4.27.4&#8243; _module_preset=\u00bbdefault\u00bb global_colors_info=\u00bb{}\u00bb]<\/p>\n<p>Ara ja has vist totes les Vies Verdes i altres rutes complement\u00e0ries que hi ha a Catalunya! <strong>Ja saps quina vols fer pr\u00f2ximament?<\/strong><\/p>\n<h3>M\u00e9s entrades sobre excursions i rutes:<\/h3>\n<ul>\n<li><a href=\"https:\/\/cases.fundesplai.org\/blog\/excursions\/rutes-senderisme-garraf\/\">Les millors rutes de senderisme pel Garraf<\/a><\/li>\n<li><a href=\"https:\/\/cases.fundesplai.org\/es\/blog-es\/excursiones\/101-ideas-creativas-para-motivar-a-los-ninos-y-ninas-durante-una-excursion\/\">10+1 Idees creatives per motivar les nenes i els nens durant una excursi\u00f3<\/a><\/li>\n<li><a href=\"https:\/\/cases.fundesplai.org\/blog\/excursions\/5-excursions-muntanya-amb-adolescents\/\">5 Excursions de muntanya per fer amb adolescents<\/a><\/li>\n<li><a href=\"https:\/\/cases.fundesplai.org\/blog\/excursions\/5-excursions-per-coneixer-el-montseny-en-familia\/\">5 Excursions per con\u00e8ixer el Montseny en fam\u00edlia<\/a><\/li>\n<li><a href=\"https:\/\/cases.fundesplai.org\/blog\/excursions\/5-excursions-en-familia-per-osona\/\">5 Excursions en fam\u00edlia per Osona<\/a><\/li>\n<\/ul>\n<p style=\"text-align: center;\"><strong>Si t&#8217;ha agradat aquesta entrada, comparteix a les xarxes! \ud83d\ude42<\/strong><\/p>\n<p>[\/et_pb_text][\/et_pb_column][\/et_pb_row][\/et_pb_section]<\/p>\n","protected":false},"excerpt":{"rendered":"<p>En esta segunda entrada ver\u00e1s 6 V\u00edas Verdes que hay en Gerona y L\u00e9rida. \u00a1Explora las antiguas v\u00edas de ferrocarril de Catalu\u00f1a! <\/p>\n","protected":false},"author":159,"featured_media":13865,"comment_status":"closed","ping_status":"closed","sticky":false,"template":"","format":"standard","meta":{"_et_pb_use_builder":"on","_et_pb_old_content":"","_et_gb_content_width":"","footnotes":""},"categories":[192,201],"tags":[],"class_list":["post-13799","post","type-post","status-publish","format-standard","has-post-thumbnail","hentry","category-excursiones","category-naturaleza"],"yoast_head":"<!-- This site is optimized with the Yoast SEO plugin v27.5 - https:\/\/yoast.com\/product\/yoast-seo-wordpress\/ -->\n<title>\u00a1Recorre las V\u00edas Verdes de Catalu\u00f1a! (Parte 2) - Cases de col\u00f2nies - Fundesplai<\/title>\n<meta name=\"description\" content=\"En esta segunda entrada ver\u00e1s 6 V\u00edas Verdes que hay en Gerona y L\u00e9rida. \u00a1Coge la bici y a empezar las rutas!\" \/>\n<meta name=\"robots\" content=\"index, follow, max-snippet:-1, max-image-preview:large, max-video-preview:-1\" \/>\n<link rel=\"canonical\" href=\"https:\/\/cases.fundesplai.org\/es\/blog-es\/excursiones\/recorre-las-vias-verdes-de-cataluna-parte-1-2\/\" \/>\n<meta property=\"og:locale\" content=\"es_ES\" \/>\n<meta property=\"og:type\" content=\"article\" \/>\n<meta property=\"og:title\" content=\"\u00a1Recorre las V\u00edas Verdes de Catalu\u00f1a! (Parte 2) - Cases de col\u00f2nies - Fundesplai\" \/>\n<meta property=\"og:description\" content=\"En esta segunda entrada ver\u00e1s 6 V\u00edas Verdes que hay en Gerona y L\u00e9rida. \u00a1Coge la bici y a empezar las rutas!\" \/>\n<meta property=\"og:url\" content=\"https:\/\/cases.fundesplai.org\/es\/blog-es\/excursiones\/recorre-las-vias-verdes-de-cataluna-parte-1-2\/\" \/>\n<meta property=\"og:site_name\" content=\"Cases de col\u00f2nies - Fundesplai\" \/>\n<meta property=\"article:published_time\" content=\"2021-10-19T10:53:20+00:00\" \/>\n<meta property=\"article:modified_time\" content=\"2025-12-22T07:32:13+00:00\" \/>\n<meta property=\"og:image\" content=\"https:\/\/cases.fundesplai.org\/wp-content\/uploads\/2021\/10\/Nuevo-proyecto-9.jpg\" \/>\n\t<meta property=\"og:image:width\" content=\"1888\" \/>\n\t<meta property=\"og:image:height\" content=\"900\" \/>\n\t<meta property=\"og:image:type\" content=\"image\/jpeg\" \/>\n<meta name=\"author\" content=\"Cristina Espinosa Colom\u00e9\" \/>\n<meta name=\"twitter:card\" content=\"summary_large_image\" \/>\n<meta name=\"twitter:label1\" content=\"Escrito por\" \/>\n\t<meta name=\"twitter:data1\" content=\"Cristina Espinosa Colom\u00e9\" \/>\n\t<meta name=\"twitter:label2\" content=\"Tiempo de lectura\" \/>\n\t<meta name=\"twitter:data2\" content=\"7 minutos\" \/>\n<script type=\"application\/ld+json\" class=\"yoast-schema-graph\">{\"@context\":\"https:\\\/\\\/schema.org\",\"@graph\":[{\"@type\":\"Article\",\"@id\":\"https:\\\/\\\/cases.fundesplai.org\\\/es\\\/blog-es\\\/excursiones\\\/recorre-las-vias-verdes-de-cataluna-parte-1-2\\\/#article\",\"isPartOf\":{\"@id\":\"https:\\\/\\\/cases.fundesplai.org\\\/es\\\/blog-es\\\/excursiones\\\/recorre-las-vias-verdes-de-cataluna-parte-1-2\\\/\"},\"author\":{\"name\":\"Cristina Espinosa Colom\u00e9\",\"@id\":\"https:\\\/\\\/cases.fundesplai.org\\\/es\\\/#\\\/schema\\\/person\\\/b43f0a38d675b4e3e71323be9d2ac4ea\"},\"headline\":\"\u00a1Recorre las V\u00edas Verdes de Catalu\u00f1a! (Parte 2)\",\"datePublished\":\"2021-10-19T10:53:20+00:00\",\"dateModified\":\"2025-12-22T07:32:13+00:00\",\"mainEntityOfPage\":{\"@id\":\"https:\\\/\\\/cases.fundesplai.org\\\/es\\\/blog-es\\\/excursiones\\\/recorre-las-vias-verdes-de-cataluna-parte-1-2\\\/\"},\"wordCount\":2760,\"image\":{\"@id\":\"https:\\\/\\\/cases.fundesplai.org\\\/es\\\/blog-es\\\/excursiones\\\/recorre-las-vias-verdes-de-cataluna-parte-1-2\\\/#primaryimage\"},\"thumbnailUrl\":\"https:\\\/\\\/cases.fundesplai.org\\\/wp-content\\\/uploads\\\/2021\\\/10\\\/Nuevo-proyecto-9.jpg\",\"articleSection\":[\"Excursiones\",\"Naturaleza\"],\"inLanguage\":\"es\"},{\"@type\":\"WebPage\",\"@id\":\"https:\\\/\\\/cases.fundesplai.org\\\/es\\\/blog-es\\\/excursiones\\\/recorre-las-vias-verdes-de-cataluna-parte-1-2\\\/\",\"url\":\"https:\\\/\\\/cases.fundesplai.org\\\/es\\\/blog-es\\\/excursiones\\\/recorre-las-vias-verdes-de-cataluna-parte-1-2\\\/\",\"name\":\"\u00a1Recorre las V\u00edas Verdes de Catalu\u00f1a! (Parte 2) - Cases de col\u00f2nies - Fundesplai\",\"isPartOf\":{\"@id\":\"https:\\\/\\\/cases.fundesplai.org\\\/es\\\/#website\"},\"primaryImageOfPage\":{\"@id\":\"https:\\\/\\\/cases.fundesplai.org\\\/es\\\/blog-es\\\/excursiones\\\/recorre-las-vias-verdes-de-cataluna-parte-1-2\\\/#primaryimage\"},\"image\":{\"@id\":\"https:\\\/\\\/cases.fundesplai.org\\\/es\\\/blog-es\\\/excursiones\\\/recorre-las-vias-verdes-de-cataluna-parte-1-2\\\/#primaryimage\"},\"thumbnailUrl\":\"https:\\\/\\\/cases.fundesplai.org\\\/wp-content\\\/uploads\\\/2021\\\/10\\\/Nuevo-proyecto-9.jpg\",\"datePublished\":\"2021-10-19T10:53:20+00:00\",\"dateModified\":\"2025-12-22T07:32:13+00:00\",\"author\":{\"@id\":\"https:\\\/\\\/cases.fundesplai.org\\\/es\\\/#\\\/schema\\\/person\\\/b43f0a38d675b4e3e71323be9d2ac4ea\"},\"description\":\"En esta segunda entrada ver\u00e1s 6 V\u00edas Verdes que hay en Gerona y L\u00e9rida. \u00a1Coge la bici y a empezar las rutas!\",\"breadcrumb\":{\"@id\":\"https:\\\/\\\/cases.fundesplai.org\\\/es\\\/blog-es\\\/excursiones\\\/recorre-las-vias-verdes-de-cataluna-parte-1-2\\\/#breadcrumb\"},\"inLanguage\":\"es\",\"potentialAction\":[{\"@type\":\"ReadAction\",\"target\":[\"https:\\\/\\\/cases.fundesplai.org\\\/es\\\/blog-es\\\/excursiones\\\/recorre-las-vias-verdes-de-cataluna-parte-1-2\\\/\"]}]},{\"@type\":\"ImageObject\",\"inLanguage\":\"es\",\"@id\":\"https:\\\/\\\/cases.fundesplai.org\\\/es\\\/blog-es\\\/excursiones\\\/recorre-las-vias-verdes-de-cataluna-parte-1-2\\\/#primaryimage\",\"url\":\"https:\\\/\\\/cases.fundesplai.org\\\/wp-content\\\/uploads\\\/2021\\\/10\\\/Nuevo-proyecto-9.jpg\",\"contentUrl\":\"https:\\\/\\\/cases.fundesplai.org\\\/wp-content\\\/uploads\\\/2021\\\/10\\\/Nuevo-proyecto-9.jpg\",\"width\":1888,\"height\":900,\"caption\":\"V\u00edas Verdes portada Girona y Lleida Fundesplai\"},{\"@type\":\"BreadcrumbList\",\"@id\":\"https:\\\/\\\/cases.fundesplai.org\\\/es\\\/blog-es\\\/excursiones\\\/recorre-las-vias-verdes-de-cataluna-parte-1-2\\\/#breadcrumb\",\"itemListElement\":[{\"@type\":\"ListItem\",\"position\":1,\"name\":\"Inici\",\"item\":\"https:\\\/\\\/cases.fundesplai.org\\\/es\\\/inici-2\\\/\"},{\"@type\":\"ListItem\",\"position\":2,\"name\":\"\u00a1Recorre las V\u00edas Verdes de Catalu\u00f1a! (Parte 2)\"}]},{\"@type\":\"WebSite\",\"@id\":\"https:\\\/\\\/cases.fundesplai.org\\\/es\\\/#website\",\"url\":\"https:\\\/\\\/cases.fundesplai.org\\\/es\\\/\",\"name\":\"Cases de col\u00f2nies - Fundesplai\",\"description\":\"Equipaments de Fundesplai\",\"potentialAction\":[{\"@type\":\"SearchAction\",\"target\":{\"@type\":\"EntryPoint\",\"urlTemplate\":\"https:\\\/\\\/cases.fundesplai.org\\\/es\\\/?s={search_term_string}\"},\"query-input\":{\"@type\":\"PropertyValueSpecification\",\"valueRequired\":true,\"valueName\":\"search_term_string\"}}],\"inLanguage\":\"es\"},{\"@type\":\"Person\",\"@id\":\"https:\\\/\\\/cases.fundesplai.org\\\/es\\\/#\\\/schema\\\/person\\\/b43f0a38d675b4e3e71323be9d2ac4ea\",\"name\":\"Cristina Espinosa Colom\u00e9\",\"image\":{\"@type\":\"ImageObject\",\"inLanguage\":\"es\",\"@id\":\"https:\\\/\\\/secure.gravatar.com\\\/avatar\\\/5c055e483e79baf8f2898f968d705db458690241795f16b3e0ff8fd47bdac10e?s=96&d=identicon&r=g\",\"url\":\"https:\\\/\\\/secure.gravatar.com\\\/avatar\\\/5c055e483e79baf8f2898f968d705db458690241795f16b3e0ff8fd47bdac10e?s=96&d=identicon&r=g\",\"contentUrl\":\"https:\\\/\\\/secure.gravatar.com\\\/avatar\\\/5c055e483e79baf8f2898f968d705db458690241795f16b3e0ff8fd47bdac10e?s=96&d=identicon&r=g\",\"caption\":\"Cristina Espinosa Colom\u00e9\"},\"url\":\"https:\\\/\\\/cases.fundesplai.org\\\/es\\\/author\\\/cespinosa\\\/\"}]}<\/script>\n<!-- \/ Yoast SEO plugin. -->","yoast_head_json":{"title":"\u00a1Recorre las V\u00edas Verdes de Catalu\u00f1a! (Parte 2) - Cases de col\u00f2nies - Fundesplai","description":"En esta segunda entrada ver\u00e1s 6 V\u00edas Verdes que hay en Gerona y L\u00e9rida. \u00a1Coge la bici y a empezar las rutas!","robots":{"index":"index","follow":"follow","max-snippet":"max-snippet:-1","max-image-preview":"max-image-preview:large","max-video-preview":"max-video-preview:-1"},"canonical":"https:\/\/cases.fundesplai.org\/es\/blog-es\/excursiones\/recorre-las-vias-verdes-de-cataluna-parte-1-2\/","og_locale":"es_ES","og_type":"article","og_title":"\u00a1Recorre las V\u00edas Verdes de Catalu\u00f1a! (Parte 2) - Cases de col\u00f2nies - Fundesplai","og_description":"En esta segunda entrada ver\u00e1s 6 V\u00edas Verdes que hay en Gerona y L\u00e9rida. \u00a1Coge la bici y a empezar las rutas!","og_url":"https:\/\/cases.fundesplai.org\/es\/blog-es\/excursiones\/recorre-las-vias-verdes-de-cataluna-parte-1-2\/","og_site_name":"Cases de col\u00f2nies - Fundesplai","article_published_time":"2021-10-19T10:53:20+00:00","article_modified_time":"2025-12-22T07:32:13+00:00","og_image":[{"width":1888,"height":900,"url":"https:\/\/cases.fundesplai.org\/wp-content\/uploads\/2021\/10\/Nuevo-proyecto-9.jpg","type":"image\/jpeg"}],"author":"Cristina Espinosa Colom\u00e9","twitter_card":"summary_large_image","twitter_misc":{"Escrito por":"Cristina Espinosa Colom\u00e9","Tiempo de lectura":"7 minutos"},"schema":{"@context":"https:\/\/schema.org","@graph":[{"@type":"Article","@id":"https:\/\/cases.fundesplai.org\/es\/blog-es\/excursiones\/recorre-las-vias-verdes-de-cataluna-parte-1-2\/#article","isPartOf":{"@id":"https:\/\/cases.fundesplai.org\/es\/blog-es\/excursiones\/recorre-las-vias-verdes-de-cataluna-parte-1-2\/"},"author":{"name":"Cristina Espinosa Colom\u00e9","@id":"https:\/\/cases.fundesplai.org\/es\/#\/schema\/person\/b43f0a38d675b4e3e71323be9d2ac4ea"},"headline":"\u00a1Recorre las V\u00edas Verdes de Catalu\u00f1a! (Parte 2)","datePublished":"2021-10-19T10:53:20+00:00","dateModified":"2025-12-22T07:32:13+00:00","mainEntityOfPage":{"@id":"https:\/\/cases.fundesplai.org\/es\/blog-es\/excursiones\/recorre-las-vias-verdes-de-cataluna-parte-1-2\/"},"wordCount":2760,"image":{"@id":"https:\/\/cases.fundesplai.org\/es\/blog-es\/excursiones\/recorre-las-vias-verdes-de-cataluna-parte-1-2\/#primaryimage"},"thumbnailUrl":"https:\/\/cases.fundesplai.org\/wp-content\/uploads\/2021\/10\/Nuevo-proyecto-9.jpg","articleSection":["Excursiones","Naturaleza"],"inLanguage":"es"},{"@type":"WebPage","@id":"https:\/\/cases.fundesplai.org\/es\/blog-es\/excursiones\/recorre-las-vias-verdes-de-cataluna-parte-1-2\/","url":"https:\/\/cases.fundesplai.org\/es\/blog-es\/excursiones\/recorre-las-vias-verdes-de-cataluna-parte-1-2\/","name":"\u00a1Recorre las V\u00edas Verdes de Catalu\u00f1a! (Parte 2) - Cases de col\u00f2nies - Fundesplai","isPartOf":{"@id":"https:\/\/cases.fundesplai.org\/es\/#website"},"primaryImageOfPage":{"@id":"https:\/\/cases.fundesplai.org\/es\/blog-es\/excursiones\/recorre-las-vias-verdes-de-cataluna-parte-1-2\/#primaryimage"},"image":{"@id":"https:\/\/cases.fundesplai.org\/es\/blog-es\/excursiones\/recorre-las-vias-verdes-de-cataluna-parte-1-2\/#primaryimage"},"thumbnailUrl":"https:\/\/cases.fundesplai.org\/wp-content\/uploads\/2021\/10\/Nuevo-proyecto-9.jpg","datePublished":"2021-10-19T10:53:20+00:00","dateModified":"2025-12-22T07:32:13+00:00","author":{"@id":"https:\/\/cases.fundesplai.org\/es\/#\/schema\/person\/b43f0a38d675b4e3e71323be9d2ac4ea"},"description":"En esta segunda entrada ver\u00e1s 6 V\u00edas Verdes que hay en Gerona y L\u00e9rida. \u00a1Coge la bici y a empezar las rutas!","breadcrumb":{"@id":"https:\/\/cases.fundesplai.org\/es\/blog-es\/excursiones\/recorre-las-vias-verdes-de-cataluna-parte-1-2\/#breadcrumb"},"inLanguage":"es","potentialAction":[{"@type":"ReadAction","target":["https:\/\/cases.fundesplai.org\/es\/blog-es\/excursiones\/recorre-las-vias-verdes-de-cataluna-parte-1-2\/"]}]},{"@type":"ImageObject","inLanguage":"es","@id":"https:\/\/cases.fundesplai.org\/es\/blog-es\/excursiones\/recorre-las-vias-verdes-de-cataluna-parte-1-2\/#primaryimage","url":"https:\/\/cases.fundesplai.org\/wp-content\/uploads\/2021\/10\/Nuevo-proyecto-9.jpg","contentUrl":"https:\/\/cases.fundesplai.org\/wp-content\/uploads\/2021\/10\/Nuevo-proyecto-9.jpg","width":1888,"height":900,"caption":"V\u00edas Verdes portada Girona y Lleida Fundesplai"},{"@type":"BreadcrumbList","@id":"https:\/\/cases.fundesplai.org\/es\/blog-es\/excursiones\/recorre-las-vias-verdes-de-cataluna-parte-1-2\/#breadcrumb","itemListElement":[{"@type":"ListItem","position":1,"name":"Inici","item":"https:\/\/cases.fundesplai.org\/es\/inici-2\/"},{"@type":"ListItem","position":2,"name":"\u00a1Recorre las V\u00edas Verdes de Catalu\u00f1a! (Parte 2)"}]},{"@type":"WebSite","@id":"https:\/\/cases.fundesplai.org\/es\/#website","url":"https:\/\/cases.fundesplai.org\/es\/","name":"Cases de col\u00f2nies - Fundesplai","description":"Equipaments de Fundesplai","potentialAction":[{"@type":"SearchAction","target":{"@type":"EntryPoint","urlTemplate":"https:\/\/cases.fundesplai.org\/es\/?s={search_term_string}"},"query-input":{"@type":"PropertyValueSpecification","valueRequired":true,"valueName":"search_term_string"}}],"inLanguage":"es"},{"@type":"Person","@id":"https:\/\/cases.fundesplai.org\/es\/#\/schema\/person\/b43f0a38d675b4e3e71323be9d2ac4ea","name":"Cristina Espinosa Colom\u00e9","image":{"@type":"ImageObject","inLanguage":"es","@id":"https:\/\/secure.gravatar.com\/avatar\/5c055e483e79baf8f2898f968d705db458690241795f16b3e0ff8fd47bdac10e?s=96&d=identicon&r=g","url":"https:\/\/secure.gravatar.com\/avatar\/5c055e483e79baf8f2898f968d705db458690241795f16b3e0ff8fd47bdac10e?s=96&d=identicon&r=g","contentUrl":"https:\/\/secure.gravatar.com\/avatar\/5c055e483e79baf8f2898f968d705db458690241795f16b3e0ff8fd47bdac10e?s=96&d=identicon&r=g","caption":"Cristina Espinosa Colom\u00e9"},"url":"https:\/\/cases.fundesplai.org\/es\/author\/cespinosa\/"}]}},"_links":{"self":[{"href":"https:\/\/cases.fundesplai.org\/es\/wp-json\/wp\/v2\/posts\/13799","targetHints":{"allow":["GET"]}}],"collection":[{"href":"https:\/\/cases.fundesplai.org\/es\/wp-json\/wp\/v2\/posts"}],"about":[{"href":"https:\/\/cases.fundesplai.org\/es\/wp-json\/wp\/v2\/types\/post"}],"author":[{"embeddable":true,"href":"https:\/\/cases.fundesplai.org\/es\/wp-json\/wp\/v2\/users\/159"}],"replies":[{"embeddable":true,"href":"https:\/\/cases.fundesplai.org\/es\/wp-json\/wp\/v2\/comments?post=13799"}],"version-history":[{"count":13,"href":"https:\/\/cases.fundesplai.org\/es\/wp-json\/wp\/v2\/posts\/13799\/revisions"}],"predecessor-version":[{"id":62740,"href":"https:\/\/cases.fundesplai.org\/es\/wp-json\/wp\/v2\/posts\/13799\/revisions\/62740"}],"wp:featuredmedia":[{"embeddable":true,"href":"https:\/\/cases.fundesplai.org\/es\/wp-json\/wp\/v2\/media\/13865"}],"wp:attachment":[{"href":"https:\/\/cases.fundesplai.org\/es\/wp-json\/wp\/v2\/media?parent=13799"}],"wp:term":[{"taxonomy":"category","embeddable":true,"href":"https:\/\/cases.fundesplai.org\/es\/wp-json\/wp\/v2\/categories?post=13799"},{"taxonomy":"post_tag","embeddable":true,"href":"https:\/\/cases.fundesplai.org\/es\/wp-json\/wp\/v2\/tags?post=13799"}],"curies":[{"name":"wp","href":"https:\/\/api.w.org\/{rel}","templated":true}]}}