{"id":16369,"date":"2024-08-06T11:06:12","date_gmt":"2024-08-06T09:06:12","guid":{"rendered":"https:\/\/cases.fundesplai.org\/?p=16369"},"modified":"2024-08-06T12:06:02","modified_gmt":"2024-08-06T10:06:02","slug":"no-te-pierdas-la-noche-de-las-lagrimas-de-san-lorenzo","status":"publish","type":"post","link":"https:\/\/cases.fundesplai.org\/es\/blog-es\/actividades\/no-te-pierdas-la-noche-de-las-lagrimas-de-san-lorenzo\/","title":{"rendered":"\u00a1No te pierdas la noche de las L\u00e1grimas de San Lorenzo!"},"content":{"rendered":"<p>[et_pb_section fb_built=\u00bb1&#8243; _builder_version=\u00bb4.16&#8243; _module_preset=\u00bbdefault\u00bb global_colors_info=\u00bb{}\u00bb][et_pb_row _builder_version=\u00bb4.16&#8243; _module_preset=\u00bbdefault\u00bb global_colors_info=\u00bb{}\u00bb][et_pb_column type=\u00bb4_4&#8243; _builder_version=\u00bb4.16&#8243; _module_preset=\u00bbdefault\u00bb global_colors_info=\u00bb{}\u00bb][et_pb_text _builder_version=\u00bb4.24.2&#8243; _module_preset=\u00bbdefault\u00bb hover_enabled=\u00bb0&#8243; global_colors_info=\u00bb{}\u00bb sticky_enabled=\u00bb0&#8243;]<\/p>\n<p>\u00a1Hoy te venimos a hablar de un fen\u00f3meno astron\u00f3mico que no te puedes perder! Se trata de <strong>una lluvia de estrellas que normalmente es visible durante las noches entre el 11 y el 13 de agosto<\/strong> (dependiendo del a\u00f1o). Esta lluvia de estrellas <strong>es llamada <a href=\"https:\/\/es.wikipedia.org\/wiki\/Perseidas\">Perseidas<\/a>, pero se conocen popularmente como las L\u00e1grimas de San Lorenzo<\/strong>. En realidad, se trata de <strong>polvo iluminado del cometa <a href=\"https:\/\/es.wikipedia.org\/wiki\/109P\/Swift-Tuttle\">109P\/Swift-Tuttle<\/a> que se alarga en forma de colas con car\u00e1cter fugaz<\/strong>, lo que otorga una gran espectacularidad a la observaci\u00f3n de estos.<\/p>\n<p><strong>Las part\u00edculas<\/strong> que forman este polvo iluminado que te hemos llamado antes<strong> son muy peque\u00f1as<\/strong>. De hecho, no llegan a medir 2 mil\u00edmetros de espesor. Y son estas part\u00edculas las que<strong> se queman por el rozamiento de 50 y 70 kil\u00f3metros por segundo que tienen en la alta atm\u00f3sfera<\/strong>. Incre\u00edble, \u00bfverdad? \u00a1Es una oportunidad perfecta para hacer algo diferente y observar un fen\u00f3meno que no vemos normalmente!<\/p>\n<p>[\/et_pb_text][et_pb_text _builder_version=\u00bb4.16&#8243; _module_preset=\u00bbdefault\u00bb custom_margin=\u00bb40px||||false|false\u00bb global_colors_info=\u00bb{}\u00bb]<\/p>\n<p style=\"text-align: center;\"><i class=\"fas fa-star\"><\/i><strong>\u00a1Sigue leyendo para saber los trucos que te ayudar\u00e1n a ver mejor a las Perseidas!<\/strong><\/p>\n<p>[\/et_pb_text][et_pb_image src=\u00bbhttps:\/\/cases.fundesplai.org\/wp-content\/uploads\/2020\/08\/perseids_foto1.jpg\u00bb title_text=\u00bbperseids_foto1&#8243; _builder_version=\u00bb4.16&#8243; _module_preset=\u00bbdefault\u00bb custom_margin=\u00bb40px||||false|false\u00bb global_colors_info=\u00bb{}\u00bb][\/et_pb_image][et_pb_divider _builder_version=\u00bb4.16&#8243; _module_preset=\u00bbdefault\u00bb custom_margin=\u00bb50px||50px||false|false\u00bb global_colors_info=\u00bb{}\u00bb][\/et_pb_divider][\/et_pb_column][\/et_pb_row][et_pb_row _builder_version=\u00bb4.16&#8243; _module_preset=\u00bbdefault\u00bb global_colors_info=\u00bb{}\u00bb][et_pb_column type=\u00bb4_4&#8243; _builder_version=\u00bb4.16&#8243; _module_preset=\u00bbdefault\u00bb global_colors_info=\u00bb{}\u00bb][et_pb_text _builder_version=\u00bb4.16&#8243; _module_preset=\u00bbdefault\u00bb global_colors_info=\u00bb{}\u00bb]<\/p>\n<h3>Trucos para poder ver las L\u00e1grimas de San Lorenzo:<\/h3>\n<p>[\/et_pb_text][et_pb_text _builder_version=\u00bb4.16&#8243; _module_preset=\u00bbdefault\u00bb global_colors_info=\u00bb{}\u00bb]<\/p>\n<ul>\n<li>Sit\u00faate en <strong>un lugar que tenga poca contaminaci\u00f3n lum\u00ednica<\/strong>. De esta forma podr\u00e1s ver el cielo mucho mejor. Tambi\u00e9n tienes la opci\u00f3n de ir al <a href=\"http:\/\/www.fabra.cat\/index.html\">Observatorio Fabra de Barcelona<\/a>, \u00a1desde donde ver\u00e1s este fen\u00f3meno astron\u00f3mico de una forma espectacular!<\/li>\n<li><strong>Evita estar dentro de una ciudad o en la playa<\/strong>, ya que no existe una oscuridad total. Trate de <strong>ir al campo y lugares con menos poblaci\u00f3n<\/strong>.<\/li>\n<li><strong>Busca las alturas<\/strong>. Cuanto m\u00e1s arriba subas una monta\u00f1a, menos contaminaci\u00f3n lum\u00ednica tendr\u00e1s a la hora de observar el cielo.<\/li>\n<li>Si tienes una <strong>c\u00e1mara <em>reflex<\/em><\/strong>, \u00a1no dudes en cogerla! <strong>Pon una exposici\u00f3n alta (de 15 o 30 segundos) y ver\u00e1s qu\u00e9 sorpresa<\/strong> si consigues fotografiar este fen\u00f3meno.<\/li>\n<\/ul>\n<p>[\/et_pb_text][et_pb_divider _builder_version=\u00bb4.16&#8243; _module_preset=\u00bbdefault\u00bb custom_margin=\u00bb50px||50px||false|false\u00bb global_colors_info=\u00bb{}\u00bb][\/et_pb_divider][\/et_pb_column][\/et_pb_row][et_pb_row _builder_version=\u00bb4.16&#8243; _module_preset=\u00bbdefault\u00bb global_colors_info=\u00bb{}\u00bb][et_pb_column type=\u00bb4_4&#8243; _builder_version=\u00bb4.16&#8243; _module_preset=\u00bbdefault\u00bb global_colors_info=\u00bb{}\u00bb][et_pb_text _builder_version=\u00bb4.16&#8243; _module_preset=\u00bbdefault\u00bb global_colors_info=\u00bb{}\u00bb]<\/p>\n<p><strong>\u00bfYa est\u00e1s preparado\/a para ver a las Perseidas?<\/strong> Si consigues tomar fotograf\u00edas a este gran fen\u00f3meno, \u00a1no dudes en compartirlas con nosotros! Nos encantar\u00e1 ver el resultado.<\/p>\n<p>[\/et_pb_text][et_pb_text _builder_version=\u00bb4.16&#8243; _module_preset=\u00bbdefault\u00bb custom_margin=\u00bb40px||||false|false\u00bb global_colors_info=\u00bb{}\u00bb]<\/p>\n<p style=\"text-align: center;\"><strong>Si te ha gustado esta entrada, \u00a1\u00a1comparte en las redes!!<\/strong> &#x1f609;<\/p>\n<p>[\/et_pb_text][\/et_pb_column][\/et_pb_row][\/et_pb_section]<\/p>\n","protected":false},"excerpt":{"rendered":"<p>\u00a1Hoy te venimos a hablar de un fen\u00f3meno astron\u00f3mico que no te puedes perder! Se trata de una lluvia de estrellas que normalmente es visible durante las noches entre el 11 y el 13 de agosto (dependiendo del a\u00f1o). Esta lluvia de estrellas es llamada Perseidas, pero se conocen popularmente como las L\u00e1grimas de San [&hellip;]<\/p>\n","protected":false},"author":159,"featured_media":9485,"comment_status":"closed","ping_status":"closed","sticky":false,"template":"","format":"standard","meta":{"_et_pb_use_builder":"on","_et_pb_old_content":"","_et_gb_content_width":"","footnotes":""},"categories":[349,192,201],"tags":[],"class_list":["post-16369","post","type-post","status-publish","format-standard","has-post-thumbnail","hentry","category-actividades","category-excursiones","category-naturaleza"],"yoast_head":"<!-- This site is optimized with the Yoast SEO plugin v27.5 - https:\/\/yoast.com\/product\/yoast-seo-wordpress\/ -->\n<title>\u00a1No te pierdas la noche de las L\u00e1grimas de San Lorenzo! - Cases de col\u00f2nies - Fundesplai<\/title>\n<meta name=\"robots\" content=\"index, follow, max-snippet:-1, max-image-preview:large, max-video-preview:-1\" \/>\n<link rel=\"canonical\" href=\"https:\/\/cases.fundesplai.org\/es\/blog-es\/actividades\/no-te-pierdas-la-noche-de-las-lagrimas-de-san-lorenzo\/\" \/>\n<meta property=\"og:locale\" content=\"es_ES\" \/>\n<meta property=\"og:type\" content=\"article\" \/>\n<meta property=\"og:title\" content=\"\u00a1No te pierdas la noche de las L\u00e1grimas de San Lorenzo! - Cases de col\u00f2nies - Fundesplai\" \/>\n<meta property=\"og:description\" content=\"\u00a1Hoy te venimos a hablar de un fen\u00f3meno astron\u00f3mico que no te puedes perder! Se trata de una lluvia de estrellas que normalmente es visible durante las noches entre el 11 y el 13 de agosto (dependiendo del a\u00f1o). Esta lluvia de estrellas es llamada Perseidas, pero se conocen popularmente como las L\u00e1grimas de San [&hellip;]\" \/>\n<meta property=\"og:url\" content=\"https:\/\/cases.fundesplai.org\/es\/blog-es\/actividades\/no-te-pierdas-la-noche-de-las-lagrimas-de-san-lorenzo\/\" \/>\n<meta property=\"og:site_name\" content=\"Cases de col\u00f2nies - Fundesplai\" \/>\n<meta property=\"article:published_time\" content=\"2024-08-06T09:06:12+00:00\" \/>\n<meta property=\"article:modified_time\" content=\"2024-08-06T10:06:02+00:00\" \/>\n<meta property=\"og:image\" content=\"https:\/\/cases.fundesplai.org\/wp-content\/uploads\/2020\/08\/perseids_portada.jpg\" \/>\n\t<meta property=\"og:image:width\" content=\"1920\" \/>\n\t<meta property=\"og:image:height\" content=\"1281\" \/>\n\t<meta property=\"og:image:type\" content=\"image\/jpeg\" \/>\n<meta name=\"author\" content=\"Cristina Espinosa Colom\u00e9\" \/>\n<meta name=\"twitter:card\" content=\"summary_large_image\" \/>\n<meta name=\"twitter:label1\" content=\"Escrito por\" \/>\n\t<meta name=\"twitter:data1\" content=\"Cristina Espinosa Colom\u00e9\" \/>\n\t<meta name=\"twitter:label2\" content=\"Tiempo de lectura\" \/>\n\t<meta name=\"twitter:data2\" content=\"3 minutos\" \/>\n<script type=\"application\/ld+json\" class=\"yoast-schema-graph\">{\"@context\":\"https:\\\/\\\/schema.org\",\"@graph\":[{\"@type\":\"Article\",\"@id\":\"https:\\\/\\\/cases.fundesplai.org\\\/es\\\/blog-es\\\/actividades\\\/no-te-pierdas-la-noche-de-las-lagrimas-de-san-lorenzo\\\/#article\",\"isPartOf\":{\"@id\":\"https:\\\/\\\/cases.fundesplai.org\\\/es\\\/blog-es\\\/actividades\\\/no-te-pierdas-la-noche-de-las-lagrimas-de-san-lorenzo\\\/\"},\"author\":{\"name\":\"Cristina Espinosa Colom\u00e9\",\"@id\":\"https:\\\/\\\/cases.fundesplai.org\\\/es\\\/#\\\/schema\\\/person\\\/b43f0a38d675b4e3e71323be9d2ac4ea\"},\"headline\":\"\u00a1No te pierdas la noche de las L\u00e1grimas de San Lorenzo!\",\"datePublished\":\"2024-08-06T09:06:12+00:00\",\"dateModified\":\"2024-08-06T10:06:02+00:00\",\"mainEntityOfPage\":{\"@id\":\"https:\\\/\\\/cases.fundesplai.org\\\/es\\\/blog-es\\\/actividades\\\/no-te-pierdas-la-noche-de-las-lagrimas-de-san-lorenzo\\\/\"},\"wordCount\":649,\"image\":{\"@id\":\"https:\\\/\\\/cases.fundesplai.org\\\/es\\\/blog-es\\\/actividades\\\/no-te-pierdas-la-noche-de-las-lagrimas-de-san-lorenzo\\\/#primaryimage\"},\"thumbnailUrl\":\"https:\\\/\\\/cases.fundesplai.org\\\/wp-content\\\/uploads\\\/2020\\\/08\\\/perseids_portada.jpg\",\"articleSection\":[\"Actividades\",\"Excursiones\",\"Naturaleza\"],\"inLanguage\":\"es\"},{\"@type\":\"WebPage\",\"@id\":\"https:\\\/\\\/cases.fundesplai.org\\\/es\\\/blog-es\\\/actividades\\\/no-te-pierdas-la-noche-de-las-lagrimas-de-san-lorenzo\\\/\",\"url\":\"https:\\\/\\\/cases.fundesplai.org\\\/es\\\/blog-es\\\/actividades\\\/no-te-pierdas-la-noche-de-las-lagrimas-de-san-lorenzo\\\/\",\"name\":\"\u00a1No te pierdas la noche de las L\u00e1grimas de San Lorenzo! - Cases de col\u00f2nies - Fundesplai\",\"isPartOf\":{\"@id\":\"https:\\\/\\\/cases.fundesplai.org\\\/es\\\/#website\"},\"primaryImageOfPage\":{\"@id\":\"https:\\\/\\\/cases.fundesplai.org\\\/es\\\/blog-es\\\/actividades\\\/no-te-pierdas-la-noche-de-las-lagrimas-de-san-lorenzo\\\/#primaryimage\"},\"image\":{\"@id\":\"https:\\\/\\\/cases.fundesplai.org\\\/es\\\/blog-es\\\/actividades\\\/no-te-pierdas-la-noche-de-las-lagrimas-de-san-lorenzo\\\/#primaryimage\"},\"thumbnailUrl\":\"https:\\\/\\\/cases.fundesplai.org\\\/wp-content\\\/uploads\\\/2020\\\/08\\\/perseids_portada.jpg\",\"datePublished\":\"2024-08-06T09:06:12+00:00\",\"dateModified\":\"2024-08-06T10:06:02+00:00\",\"author\":{\"@id\":\"https:\\\/\\\/cases.fundesplai.org\\\/es\\\/#\\\/schema\\\/person\\\/b43f0a38d675b4e3e71323be9d2ac4ea\"},\"breadcrumb\":{\"@id\":\"https:\\\/\\\/cases.fundesplai.org\\\/es\\\/blog-es\\\/actividades\\\/no-te-pierdas-la-noche-de-las-lagrimas-de-san-lorenzo\\\/#breadcrumb\"},\"inLanguage\":\"es\",\"potentialAction\":[{\"@type\":\"ReadAction\",\"target\":[\"https:\\\/\\\/cases.fundesplai.org\\\/es\\\/blog-es\\\/actividades\\\/no-te-pierdas-la-noche-de-las-lagrimas-de-san-lorenzo\\\/\"]}]},{\"@type\":\"ImageObject\",\"inLanguage\":\"es\",\"@id\":\"https:\\\/\\\/cases.fundesplai.org\\\/es\\\/blog-es\\\/actividades\\\/no-te-pierdas-la-noche-de-las-lagrimas-de-san-lorenzo\\\/#primaryimage\",\"url\":\"https:\\\/\\\/cases.fundesplai.org\\\/wp-content\\\/uploads\\\/2020\\\/08\\\/perseids_portada.jpg\",\"contentUrl\":\"https:\\\/\\\/cases.fundesplai.org\\\/wp-content\\\/uploads\\\/2020\\\/08\\\/perseids_portada.jpg\",\"width\":1920,\"height\":1281},{\"@type\":\"BreadcrumbList\",\"@id\":\"https:\\\/\\\/cases.fundesplai.org\\\/es\\\/blog-es\\\/actividades\\\/no-te-pierdas-la-noche-de-las-lagrimas-de-san-lorenzo\\\/#breadcrumb\",\"itemListElement\":[{\"@type\":\"ListItem\",\"position\":1,\"name\":\"Inici\",\"item\":\"https:\\\/\\\/cases.fundesplai.org\\\/es\\\/inici-2\\\/\"},{\"@type\":\"ListItem\",\"position\":2,\"name\":\"\u00a1No te pierdas la noche de las L\u00e1grimas de San Lorenzo!\"}]},{\"@type\":\"WebSite\",\"@id\":\"https:\\\/\\\/cases.fundesplai.org\\\/es\\\/#website\",\"url\":\"https:\\\/\\\/cases.fundesplai.org\\\/es\\\/\",\"name\":\"Cases de col\u00f2nies - Fundesplai\",\"description\":\"Equipaments de Fundesplai\",\"potentialAction\":[{\"@type\":\"SearchAction\",\"target\":{\"@type\":\"EntryPoint\",\"urlTemplate\":\"https:\\\/\\\/cases.fundesplai.org\\\/es\\\/?s={search_term_string}\"},\"query-input\":{\"@type\":\"PropertyValueSpecification\",\"valueRequired\":true,\"valueName\":\"search_term_string\"}}],\"inLanguage\":\"es\"},{\"@type\":\"Person\",\"@id\":\"https:\\\/\\\/cases.fundesplai.org\\\/es\\\/#\\\/schema\\\/person\\\/b43f0a38d675b4e3e71323be9d2ac4ea\",\"name\":\"Cristina Espinosa Colom\u00e9\",\"image\":{\"@type\":\"ImageObject\",\"inLanguage\":\"es\",\"@id\":\"https:\\\/\\\/secure.gravatar.com\\\/avatar\\\/5c055e483e79baf8f2898f968d705db458690241795f16b3e0ff8fd47bdac10e?s=96&d=identicon&r=g\",\"url\":\"https:\\\/\\\/secure.gravatar.com\\\/avatar\\\/5c055e483e79baf8f2898f968d705db458690241795f16b3e0ff8fd47bdac10e?s=96&d=identicon&r=g\",\"contentUrl\":\"https:\\\/\\\/secure.gravatar.com\\\/avatar\\\/5c055e483e79baf8f2898f968d705db458690241795f16b3e0ff8fd47bdac10e?s=96&d=identicon&r=g\",\"caption\":\"Cristina Espinosa Colom\u00e9\"},\"url\":\"https:\\\/\\\/cases.fundesplai.org\\\/es\\\/author\\\/cespinosa\\\/\"}]}<\/script>\n<!-- \/ Yoast SEO plugin. -->","yoast_head_json":{"title":"\u00a1No te pierdas la noche de las L\u00e1grimas de San Lorenzo! - Cases de col\u00f2nies - Fundesplai","robots":{"index":"index","follow":"follow","max-snippet":"max-snippet:-1","max-image-preview":"max-image-preview:large","max-video-preview":"max-video-preview:-1"},"canonical":"https:\/\/cases.fundesplai.org\/es\/blog-es\/actividades\/no-te-pierdas-la-noche-de-las-lagrimas-de-san-lorenzo\/","og_locale":"es_ES","og_type":"article","og_title":"\u00a1No te pierdas la noche de las L\u00e1grimas de San Lorenzo! - Cases de col\u00f2nies - Fundesplai","og_description":"\u00a1Hoy te venimos a hablar de un fen\u00f3meno astron\u00f3mico que no te puedes perder! Se trata de una lluvia de estrellas que normalmente es visible durante las noches entre el 11 y el 13 de agosto (dependiendo del a\u00f1o). Esta lluvia de estrellas es llamada Perseidas, pero se conocen popularmente como las L\u00e1grimas de San [&hellip;]","og_url":"https:\/\/cases.fundesplai.org\/es\/blog-es\/actividades\/no-te-pierdas-la-noche-de-las-lagrimas-de-san-lorenzo\/","og_site_name":"Cases de col\u00f2nies - Fundesplai","article_published_time":"2024-08-06T09:06:12+00:00","article_modified_time":"2024-08-06T10:06:02+00:00","og_image":[{"width":1920,"height":1281,"url":"https:\/\/cases.fundesplai.org\/wp-content\/uploads\/2020\/08\/perseids_portada.jpg","type":"image\/jpeg"}],"author":"Cristina Espinosa Colom\u00e9","twitter_card":"summary_large_image","twitter_misc":{"Escrito por":"Cristina Espinosa Colom\u00e9","Tiempo de lectura":"3 minutos"},"schema":{"@context":"https:\/\/schema.org","@graph":[{"@type":"Article","@id":"https:\/\/cases.fundesplai.org\/es\/blog-es\/actividades\/no-te-pierdas-la-noche-de-las-lagrimas-de-san-lorenzo\/#article","isPartOf":{"@id":"https:\/\/cases.fundesplai.org\/es\/blog-es\/actividades\/no-te-pierdas-la-noche-de-las-lagrimas-de-san-lorenzo\/"},"author":{"name":"Cristina Espinosa Colom\u00e9","@id":"https:\/\/cases.fundesplai.org\/es\/#\/schema\/person\/b43f0a38d675b4e3e71323be9d2ac4ea"},"headline":"\u00a1No te pierdas la noche de las L\u00e1grimas de San Lorenzo!","datePublished":"2024-08-06T09:06:12+00:00","dateModified":"2024-08-06T10:06:02+00:00","mainEntityOfPage":{"@id":"https:\/\/cases.fundesplai.org\/es\/blog-es\/actividades\/no-te-pierdas-la-noche-de-las-lagrimas-de-san-lorenzo\/"},"wordCount":649,"image":{"@id":"https:\/\/cases.fundesplai.org\/es\/blog-es\/actividades\/no-te-pierdas-la-noche-de-las-lagrimas-de-san-lorenzo\/#primaryimage"},"thumbnailUrl":"https:\/\/cases.fundesplai.org\/wp-content\/uploads\/2020\/08\/perseids_portada.jpg","articleSection":["Actividades","Excursiones","Naturaleza"],"inLanguage":"es"},{"@type":"WebPage","@id":"https:\/\/cases.fundesplai.org\/es\/blog-es\/actividades\/no-te-pierdas-la-noche-de-las-lagrimas-de-san-lorenzo\/","url":"https:\/\/cases.fundesplai.org\/es\/blog-es\/actividades\/no-te-pierdas-la-noche-de-las-lagrimas-de-san-lorenzo\/","name":"\u00a1No te pierdas la noche de las L\u00e1grimas de San Lorenzo! - Cases de col\u00f2nies - Fundesplai","isPartOf":{"@id":"https:\/\/cases.fundesplai.org\/es\/#website"},"primaryImageOfPage":{"@id":"https:\/\/cases.fundesplai.org\/es\/blog-es\/actividades\/no-te-pierdas-la-noche-de-las-lagrimas-de-san-lorenzo\/#primaryimage"},"image":{"@id":"https:\/\/cases.fundesplai.org\/es\/blog-es\/actividades\/no-te-pierdas-la-noche-de-las-lagrimas-de-san-lorenzo\/#primaryimage"},"thumbnailUrl":"https:\/\/cases.fundesplai.org\/wp-content\/uploads\/2020\/08\/perseids_portada.jpg","datePublished":"2024-08-06T09:06:12+00:00","dateModified":"2024-08-06T10:06:02+00:00","author":{"@id":"https:\/\/cases.fundesplai.org\/es\/#\/schema\/person\/b43f0a38d675b4e3e71323be9d2ac4ea"},"breadcrumb":{"@id":"https:\/\/cases.fundesplai.org\/es\/blog-es\/actividades\/no-te-pierdas-la-noche-de-las-lagrimas-de-san-lorenzo\/#breadcrumb"},"inLanguage":"es","potentialAction":[{"@type":"ReadAction","target":["https:\/\/cases.fundesplai.org\/es\/blog-es\/actividades\/no-te-pierdas-la-noche-de-las-lagrimas-de-san-lorenzo\/"]}]},{"@type":"ImageObject","inLanguage":"es","@id":"https:\/\/cases.fundesplai.org\/es\/blog-es\/actividades\/no-te-pierdas-la-noche-de-las-lagrimas-de-san-lorenzo\/#primaryimage","url":"https:\/\/cases.fundesplai.org\/wp-content\/uploads\/2020\/08\/perseids_portada.jpg","contentUrl":"https:\/\/cases.fundesplai.org\/wp-content\/uploads\/2020\/08\/perseids_portada.jpg","width":1920,"height":1281},{"@type":"BreadcrumbList","@id":"https:\/\/cases.fundesplai.org\/es\/blog-es\/actividades\/no-te-pierdas-la-noche-de-las-lagrimas-de-san-lorenzo\/#breadcrumb","itemListElement":[{"@type":"ListItem","position":1,"name":"Inici","item":"https:\/\/cases.fundesplai.org\/es\/inici-2\/"},{"@type":"ListItem","position":2,"name":"\u00a1No te pierdas la noche de las L\u00e1grimas de San Lorenzo!"}]},{"@type":"WebSite","@id":"https:\/\/cases.fundesplai.org\/es\/#website","url":"https:\/\/cases.fundesplai.org\/es\/","name":"Cases de col\u00f2nies - Fundesplai","description":"Equipaments de Fundesplai","potentialAction":[{"@type":"SearchAction","target":{"@type":"EntryPoint","urlTemplate":"https:\/\/cases.fundesplai.org\/es\/?s={search_term_string}"},"query-input":{"@type":"PropertyValueSpecification","valueRequired":true,"valueName":"search_term_string"}}],"inLanguage":"es"},{"@type":"Person","@id":"https:\/\/cases.fundesplai.org\/es\/#\/schema\/person\/b43f0a38d675b4e3e71323be9d2ac4ea","name":"Cristina Espinosa Colom\u00e9","image":{"@type":"ImageObject","inLanguage":"es","@id":"https:\/\/secure.gravatar.com\/avatar\/5c055e483e79baf8f2898f968d705db458690241795f16b3e0ff8fd47bdac10e?s=96&d=identicon&r=g","url":"https:\/\/secure.gravatar.com\/avatar\/5c055e483e79baf8f2898f968d705db458690241795f16b3e0ff8fd47bdac10e?s=96&d=identicon&r=g","contentUrl":"https:\/\/secure.gravatar.com\/avatar\/5c055e483e79baf8f2898f968d705db458690241795f16b3e0ff8fd47bdac10e?s=96&d=identicon&r=g","caption":"Cristina Espinosa Colom\u00e9"},"url":"https:\/\/cases.fundesplai.org\/es\/author\/cespinosa\/"}]}},"_links":{"self":[{"href":"https:\/\/cases.fundesplai.org\/es\/wp-json\/wp\/v2\/posts\/16369","targetHints":{"allow":["GET"]}}],"collection":[{"href":"https:\/\/cases.fundesplai.org\/es\/wp-json\/wp\/v2\/posts"}],"about":[{"href":"https:\/\/cases.fundesplai.org\/es\/wp-json\/wp\/v2\/types\/post"}],"author":[{"embeddable":true,"href":"https:\/\/cases.fundesplai.org\/es\/wp-json\/wp\/v2\/users\/159"}],"replies":[{"embeddable":true,"href":"https:\/\/cases.fundesplai.org\/es\/wp-json\/wp\/v2\/comments?post=16369"}],"version-history":[{"count":7,"href":"https:\/\/cases.fundesplai.org\/es\/wp-json\/wp\/v2\/posts\/16369\/revisions"}],"predecessor-version":[{"id":50960,"href":"https:\/\/cases.fundesplai.org\/es\/wp-json\/wp\/v2\/posts\/16369\/revisions\/50960"}],"wp:featuredmedia":[{"embeddable":true,"href":"https:\/\/cases.fundesplai.org\/es\/wp-json\/wp\/v2\/media\/9485"}],"wp:attachment":[{"href":"https:\/\/cases.fundesplai.org\/es\/wp-json\/wp\/v2\/media?parent=16369"}],"wp:term":[{"taxonomy":"category","embeddable":true,"href":"https:\/\/cases.fundesplai.org\/es\/wp-json\/wp\/v2\/categories?post=16369"},{"taxonomy":"post_tag","embeddable":true,"href":"https:\/\/cases.fundesplai.org\/es\/wp-json\/wp\/v2\/tags?post=16369"}],"curies":[{"name":"wp","href":"https:\/\/api.w.org\/{rel}","templated":true}]}}