{"id":61900,"date":"2025-12-03T16:13:57","date_gmt":"2025-12-03T15:13:57","guid":{"rendered":"https:\/\/cases.fundesplai.org\/blog-es\/25-podcasts-infantiles-para-escuchar-en-familia\/"},"modified":"2025-12-04T17:06:23","modified_gmt":"2025-12-04T16:06:23","slug":"25-podcasts-infantiles-para-escuchar-en-familia","status":"publish","type":"post","link":"https:\/\/cases.fundesplai.org\/es\/blog-es\/familia-es\/25-podcasts-infantiles-para-escuchar-en-familia\/","title":{"rendered":"25 podcasts infantiles para escuchar en familia"},"content":{"rendered":"<p>[et_pb_section fb_built=\u00bb1&#8243; _builder_version=\u00bb4.27.4&#8243; _module_preset=\u00bbdefault\u00bb global_colors_info=\u00bb{}\u00bb][et_pb_row admin_label=\u00bbINTRO\u00bb _builder_version=\u00bb4.27.4&#8243; _module_preset=\u00bbdefault\u00bb global_colors_info=\u00bb{}\u00bb][et_pb_column type=\u00bb4_4&#8243; _builder_version=\u00bb4.27.4&#8243; _module_preset=\u00bbdefault\u00bb global_colors_info=\u00bb{}\u00bb][et_pb_text admin_label=\u00bbText INTRO\u00bb _builder_version=\u00bb4.27.4&#8243; _module_preset=\u00bbdefault\u00bb global_colors_info=\u00bb{}\u00bb]<\/p>\n<p class=\"pf0\"><strong><span class=\"cf0\">\u00bfQuieres descubrir podcasts infantiles para disfrutar en familia?<\/span><\/strong><span class=\"cf1\"> Los podcasts son una <strong>herramienta ideal para educar<\/strong> de una manera sencilla, c\u00f3moda y divertida. Adem\u00e1s de ser una alternativa creativa para alejarnos de las pantallas, tambi\u00e9n <strong>fomentan la imaginaci\u00f3n y la curiosidad<\/strong>. Pero no s\u00f3lo esto, los podcasts pueden ser un canal perfecto para compartir <strong>momentos especiales en familia<\/strong> y promover valores importantes.  <\/span><\/p>\n<p class=\"pf0\"><span class=\"cf1\">En este art\u00edculo te proponemos una selecci\u00f3n de 25 podcasts pensados \u200b\u200bpara ni\u00f1as, ni\u00f1os y adolescentes, perfectos para acompa\u00f1arte en viajes, en el coche, durante las vacaciones o incluso en momentos de aburrimiento. No s\u00f3lo har\u00e1n re\u00edr y aprender a toda la familia, sino que tambi\u00e9n inspirar\u00e1n <strong>reflexiones sobre el mundo<\/strong> que nos rodea.  <\/span><strong><span class=\"cf0\">\u00a1Prep\u00e1rate para descubrir historias fascinantes!<\/span><\/strong><\/p>\n<p><!--EndFragment --><\/p>\n<p>[\/et_pb_text][et_pb_text admin_label=\u00bbTaula continguts\u00bb _builder_version=\u00bb4.27.4&#8243; _module_preset=\u00bbdefault\u00bb locked=\u00bboff\u00bb global_colors_info=\u00bb{}\u00bb]<\/p>\n<table style=\"border-collapse: collapse; width: 100%;\" border=\"1\">\n<tbody>\n<tr>\n<td style=\"width: 100%;\">\n<p class=\"entry-title\"><strong> 25 PODCASTS PARA ESCUCHAR EN FAMILIA<\/strong><\/p>\n<ul>\n<li><a href=\"#catala\">P\u00f3dcasts infantiles en catal\u00e1n<\/a><\/li>\n<li><a href=\"#castella\">P\u00f3dcasts infantiles en castellano<\/a><\/li>\n<\/ul>\n<\/td>\n<\/tr>\n<\/tbody>\n<\/table>\n<p>[\/et_pb_text][et_pb_button button_url=\u00bbhttps:\/\/cases.fundesplai.org\/es\/blog\/?fwp_search=contes\u00bb button_text=\u00bbOtros recursos educativos\u00bb button_alignment=\u00bbcenter\u00bb _builder_version=\u00bb4.27.4&#8243; _module_preset=\u00bbdefault\u00bb custom_margin=\u00bb35px||35px||false|false\u00bb global_colors_info=\u00bb{}\u00bb][\/et_pb_button][\/et_pb_column][\/et_pb_row][et_pb_row admin_label=\u00bbLISTADO PODCASTES CATAL\u00c1N\u00bb _builder_version=\u00bb4.27.4&#8243; _module_preset=\u00bbdefault\u00bb global_colors_info=\u00bb{}\u00bb][et_pb_column type=\u00bb4_4&#8243; _builder_version=\u00bb4.27.4&#8243; _module_preset=\u00bbdefault\u00bb global_colors_info=\u00bb{}\u00bb][et_pb_divider _builder_version=\u00bb4.27.4&#8243; _module_preset=\u00bbdefault\u00bb global_colors_info=\u00bb{}\u00bb][\/et_pb_divider][et_pb_text admin_label=\u00bbT\u00edtol\u00bb module_id=\u00bbcatala\u00bb _builder_version=\u00bb4.27.4&#8243; _module_preset=\u00bbdefault\u00bb custom_margin=\u00bb-28px||||false|false\u00bb global_colors_info=\u00bb{}\u00bb]<\/p>\n<h3 style=\"text-align: center;\"><i class=\"fa-solid fa-podcast\"><\/i> Podcasts infantiles en catal\u00e1n<!--StartFragment --><\/h3>\n<p><!--EndFragment --><\/p>\n<p>[\/et_pb_text][et_pb_divider _builder_version=\u00bb4.27.4&#8243; _module_preset=\u00bbdefault\u00bb global_colors_info=\u00bb{}\u00bb][\/et_pb_divider][\/et_pb_column][\/et_pb_row][et_pb_row admin_label=\u00bbT\u00cdTULO DRAGONETA PAPACHUT\u00bb _builder_version=\u00bb4.27.4&#8243; _module_preset=\u00bbdefault\u00bb global_colors_info=\u00bb{}\u00bb][et_pb_column type=\u00bb4_4&#8243; _builder_version=\u00bb4.27.4&#8243; _module_preset=\u00bbdefault\u00bb global_colors_info=\u00bb{}\u00bb][et_pb_text admin_label=\u00bbText\u00bb _builder_version=\u00bb4.27.4&#8243; _module_preset=\u00bbdefault\u00bb global_colors_info=\u00bb{}\u00bb]<\/p>\n<h4>1. La Dragoneta Papaxut<\/h4>\n<p>[\/et_pb_text][\/et_pb_column][\/et_pb_row][et_pb_row column_structure=\u00bb3_4,1_4&#8243; disabled_on=\u00bbon|on|off\u00bb admin_label=\u00bbPODCASTO 1&#8243; _builder_version=\u00bb4.27.4&#8243; _module_preset=\u00bbdefault\u00bb global_colors_info=\u00bb{}\u00bb][et_pb_column type=\u00bb3_4&#8243; _builder_version=\u00bb4.27.4&#8243; _module_preset=\u00bbdefault\u00bb global_colors_info=\u00bb{}\u00bb][et_pb_text admin_label=\u00bbLA DRAGONETA PAPAXUT\u00bb _builder_version=\u00bb4.27.4&#8243; _module_preset=\u00bbdefault\u00bb custom_margin=\u00bb-10px||||false|false\u00bb global_colors_info=\u00bb{}\u00bb]<\/p>\n<p class=\"pf0\"><span class=\"cf0\">La <strong>Dragoneta Papaxut<\/strong> es una <strong>audioserie en catal\u00e1n dirigida a ni\u00f1os y ni\u00f1as a partir de 3 a\u00f1os<\/strong>, lanzada en 2023 por R\u00e0dio Contes. Cada historia, con una duraci\u00f3n de unos 10 minutos, presenta a tres protagonistas que viven en los estantes de una biblioteca: la Dragoneta Papaxut, el lobo Parrac y el Espiadimonis. Vivir\u00e1n <strong>emocionantes aventuras adentr\u00e1ndose en cuentos populares<\/strong> mientras conocen a sus personajes principales.   <\/span><\/p>\n<p class=\"pf0\"><span class=\"cf0\">La m\u00fasica y las canciones juegan un papel destacado, cautivando la atenci\u00f3n desde el primer momento.<\/span><!--EndFragment --><span class=\"cf0\"><!--EndFragment --><\/span><\/p>\n<p class=\"pf0\"><span class=\"cf0\"><!--StartFragment -->\ud83c\udfa7Lo puedes encontrar en <a href=\"https:\/\/www.ivoox.com\/podcast-radio-contes_sq_f11456614_1.html\" target=\"_blank\" rel=\"noopener\"><strong>iVoox<\/strong><\/a> , <a href=\"https:\/\/open.spotify.com\/show\/3a3jn7Gy4MucOxhtDA6rX1\" target=\"_blank\" rel=\"noopener\"><strong>Spotify<\/strong><\/a> y <a href=\"https:\/\/podcasts.apple.com\/es\/podcast\/r%C3%A0dio-contes\/id1604381559\" target=\"_blank\" rel=\"noopener\"><strong>Apple Podcasts<\/strong><\/a>.<!--EndFragment --><!--EndFragment --><\/span><\/p>\n<p><!--EndFragment -->[\/et_pb_text][\/et_pb_column][et_pb_column type=\u00bb1_4&#8243; _builder_version=\u00bb4.27.4&#8243; _module_preset=\u00bbdefault\u00bb global_colors_info=\u00bb{}\u00bb][et_pb_image src=\u00bbhttps:\/\/cases.fundesplai.org\/wp-content\/uploads\/2025\/11\/Projecte-nou-1.webp\u00bb alt=\u00bbpodcast para escuchar en familia La Dragoneta Ppapaxut\u00bb title_text=\u00bbP\u00f3dcast familia Fundesplai\u00bb show_bottom_space=\u00bboff\u00bb align=\u00bbcenter\u00bb _builder_version=\u00bb4.27.4&#8243; _module_preset=\u00bbdefault\u00bb width=\u00bb80%\u00bb max_width=\u00bb65%\u00bb custom_margin=\u00bb40px||||false|false\u00bb custom_padding=\u00bb||0px||false|false\u00bb global_colors_info=\u00bb{}\u00bb][\/et_pb_image][\/et_pb_column][\/et_pb_row][et_pb_row column_structure=\u00bb3_4,1_4&#8243; disabled_on=\u00bboff|off|on\u00bb admin_label=\u00bbPODCASTO 1&#8243; _builder_version=\u00bb4.27.4&#8243; _module_preset=\u00bbdefault\u00bb global_colors_info=\u00bb{}\u00bb][et_pb_column type=\u00bb3_4&#8243; _builder_version=\u00bb4.27.4&#8243; _module_preset=\u00bbdefault\u00bb global_colors_info=\u00bb{}\u00bb][et_pb_text admin_label=\u00bbLA DRAGONETA PAPAXUT\u00bb _builder_version=\u00bb4.27.4&#8243; _module_preset=\u00bbdefault\u00bb custom_margin=\u00bb-10px||||false|false\u00bb global_colors_info=\u00bb{}\u00bb]<\/p>\n<p class=\"pf0\"><span class=\"cf0\">La <strong>Dragoneta Papaxut<\/strong> es una <strong>audioserie en catal\u00e1n dirigida a ni\u00f1os y ni\u00f1as a partir de 3 a\u00f1os<\/strong>, lanzada en 2023 por R\u00e0dio Contes. Cada historia, con una duraci\u00f3n de unos 10 minutos, presenta a tres protagonistas que viven en los estantes de una biblioteca: la Dragoneta Papaxut, el lobo Parrac y el Espiadimonis. Vivir\u00e1n <strong>emocionantes aventuras adentr\u00e1ndose en cuentos populares<\/strong> mientras conocen a sus personajes principales.   <\/span><\/p>\n<p class=\"pf0\"><span class=\"cf0\">La m\u00fasica y las canciones juegan un papel destacado, cautivando la atenci\u00f3n desde el primer momento.<\/span><!--EndFragment --><span class=\"cf0\"><!--EndFragment --><\/span><\/p>\n<p class=\"pf0\"><span class=\"cf0\"><!--StartFragment -->\ud83c\udfa7Lo puedes encontrar en <a href=\"https:\/\/www.ivoox.com\/podcast-radio-contes_sq_f11456614_1.html\" target=\"_blank\" rel=\"noopener\"><strong>iVoox<\/strong><\/a> , <a href=\"https:\/\/open.spotify.com\/show\/3a3jn7Gy4MucOxhtDA6rX1\" target=\"_blank\" rel=\"noopener\"><strong>Spotify<\/strong><\/a> y <a href=\"https:\/\/podcasts.apple.com\/es\/podcast\/r%C3%A0dio-contes\/id1604381559\" target=\"_blank\" rel=\"noopener\"><strong>Apple Podcasts<\/strong><\/a>.<!--EndFragment --><!--EndFragment --><\/span><\/p>\n<p><!--EndFragment -->[\/et_pb_text][\/et_pb_column][et_pb_column type=\u00bb1_4&#8243; _builder_version=\u00bb4.27.4&#8243; _module_preset=\u00bbdefault\u00bb global_colors_info=\u00bb{}\u00bb][et_pb_image src=\u00bbhttps:\/\/cases.fundesplai.org\/wp-content\/uploads\/2025\/11\/Projecte-nou-1.webp\u00bb alt=\u00bbpodcast para escuchar en familia La Dragoneta Ppapaxut\u00bb title_text=\u00bbP\u00f3dcast familia Fundesplai\u00bb show_bottom_space=\u00bboff\u00bb align=\u00bbcenter\u00bb _builder_version=\u00bb4.27.4&#8243; _module_preset=\u00bbdefault\u00bb width=\u00bb80%\u00bb max_width=\u00bb65%\u00bb custom_margin=\u00bb||||false|false\u00bb custom_padding=\u00bb||0px||false|false\u00bb global_colors_info=\u00bb{}\u00bb][\/et_pb_image][\/et_pb_column][\/et_pb_row][et_pb_row admin_label=\u00bbT\u00cdTULO SUPERHEROINAS DEL DEPORTE\u00bb _builder_version=\u00bb4.27.4&#8243; _module_preset=\u00bbdefault\u00bb global_colors_info=\u00bb{}\u00bb][et_pb_column type=\u00bb4_4&#8243; _builder_version=\u00bb4.27.4&#8243; _module_preset=\u00bbdefault\u00bb global_colors_info=\u00bb{}\u00bb][et_pb_text admin_label=\u00bbText\u00bb _builder_version=\u00bb4.27.4&#8243; _module_preset=\u00bbdefault\u00bb global_colors_info=\u00bb{}\u00bb]<\/p>\n<h4>2. Superhero\u00efnes de l&#8217;esport<\/h4>\n<p>[\/et_pb_text][\/et_pb_column][\/et_pb_row][et_pb_row column_structure=\u00bb3_4,1_4&#8243; make_equal=\u00bbon\u00bb disabled_on=\u00bbon|on|off\u00bb admin_label=\u00bbPODCASTO 2&#8243; _builder_version=\u00bb4.27.4&#8243; _module_preset=\u00bbdefault\u00bb global_colors_info=\u00bb{}\u00bb][et_pb_column type=\u00bb3_4&#8243; _builder_version=\u00bb4.27.4&#8243; _module_preset=\u00bbdefault\u00bb global_colors_info=\u00bb{}\u00bb][et_pb_text admin_label=\u00bbSUPERHERO\u00cfNES DE L&#8217;ESPORT\u00bb _builder_version=\u00bb4.27.4&#8243; _module_preset=\u00bbdefault\u00bb custom_margin=\u00bb-10px||||false|false\u00bb global_colors_info=\u00bb{}\u00bb]<\/p>\n<p class=\"pf0\"><span class=\"cf0\">No te pierdas esta recopilaci\u00f3n de <strong>10 cuentos<\/strong> creada por diez mujeres periodistas deportivas, donde encontrar\u00e1s valores, magia e imaginaci\u00f3n. Cada episodio cuenta la <strong>historia de una deportista<\/strong> escogida por una de las periodistas: <strong>mujeres que han logrado sus metas, objetivos y sue\u00f1os<\/strong> despu\u00e9s luchar mucho y vencer grandes dificultades. <\/span><\/p>\n<p class=\"pf0\"><span class=\"cf0\">Las protagonistas de estas historias son: Alexia Putellas, Aitana Bonmat\u00ed, Queralt Castellet, Ona Carbonell, Laia Sanz, Laia Palau, Paula Badosa, N\u00faria Picas, Kaba Gassama y Anni Espar. <\/span><\/p>\n<p><!--StartFragment --><span class=\"cf0\">Cada periodista ha creado un superpoder imaginario para su protagonista, gracias al cual han logrado llegar a donde est\u00e1n ahora.<\/span><!--EndFragment --><\/p>\n<p class=\"pf0\"><span class=\"cf0\"><!--StartFragment -->\ud83c\udfa7Esc\u00fachalo en <a href=\"https:\/\/www.3cat.cat\/tv3\/sx3\/superheroines\/\" target=\"_blank\" rel=\"noopener\"><strong>SX3<\/strong><\/a> , <a href=\"https:\/\/music.amazon.com\/podcasts\/16ad2d98-5ec7-46d4-8957-8d36d9d7d84e\/superhero%C3%AFnes-de-l'esport\" target=\"_blank\" rel=\"noopener\"><strong>Apple Podcasts<\/strong><\/a> , <a href=\"https:\/\/www.ivoox.com\/podcast-superheroines-l-esport_sq_f11822755_1.html\" target=\"_blank\" rel=\"noopener\"><strong>iVoox<\/strong><\/a> y <a href=\"https:\/\/music.amazon.com\/podcasts\/16ad2d98-5ec7-46d4-8957-8d36d9d7d84e\/superhero%C3%AFnes-de-l'esport\" target=\"_blank\" rel=\"noopener\"><strong>Amazon Music<\/strong><\/a>.<!--EndFragment --><!--EndFragment --><\/span><\/p>\n<p><!--EndFragment -->[\/et_pb_text][\/et_pb_column][et_pb_column type=\u00bb1_4&#8243; _builder_version=\u00bb4.27.4&#8243; _module_preset=\u00bbdefault\u00bb global_colors_info=\u00bb{}\u00bb][et_pb_image src=\u00bbhttps:\/\/cases.fundesplai.org\/wp-content\/uploads\/2025\/11\/Projecte-nou-2.webp\u00bb alt=\u00bbpodcast para escuchar en familia superhero\u00ednas del deporte\u00bb title_text=\u00bbP\u00f3dcast familia Fundesplai\u00bb align=\u00bbcenter\u00bb _builder_version=\u00bb4.27.4&#8243; _module_preset=\u00bbdefault\u00bb width=\u00bb80%\u00bb max_width=\u00bb65%\u00bb module_alignment=\u00bbcenter\u00bb custom_padding=\u00bb60px||||false|false\u00bb global_colors_info=\u00bb{}\u00bb custom_padding__hover_enabled=\u00bbon|desktop\u00bb custom_padding__hover=\u00bb50px||||false|false\u00bb][\/et_pb_image][\/et_pb_column][\/et_pb_row][et_pb_row column_structure=\u00bb3_4,1_4&#8243; make_equal=\u00bbon\u00bb disabled_on=\u00bboff|off|on\u00bb admin_label=\u00bbPODCASTO 2&#8243; _builder_version=\u00bb4.27.4&#8243; _module_preset=\u00bbdefault\u00bb global_colors_info=\u00bb{}\u00bb][et_pb_column type=\u00bb3_4&#8243; _builder_version=\u00bb4.27.4&#8243; _module_preset=\u00bbdefault\u00bb global_colors_info=\u00bb{}\u00bb][et_pb_text admin_label=\u00bbSUPERHERO\u00cfNES DE L&#8217;ESPORT\u00bb _builder_version=\u00bb4.27.4&#8243; _module_preset=\u00bbdefault\u00bb custom_margin=\u00bb-10px||||false|false\u00bb global_colors_info=\u00bb{}\u00bb]<\/p>\n<p class=\"pf0\"><span class=\"cf0\">No te pierdas esta recopilaci\u00f3n de <strong>10 cuentos<\/strong> creada por diez mujeres periodistas deportivas, donde encontrar\u00e1s valores, magia e imaginaci\u00f3n. Cada episodio cuenta la <strong>historia de una deportista<\/strong> escogida por una de las periodistas: mujeres que han logrado sus metas, objetivos y sue\u00f1os despu\u00e9s luchar mucho y vencer grandes dificultades. <\/span><\/p>\n<p class=\"pf0\"><span class=\"cf0\">Las protagonistas de estas historias son: Alexia Putellas, Aitana Bonmat\u00ed, Queralt Castellet, Ona Carbonell, Laia Sanz, Laia Palau, Paula Badosa, N\u00faria Picas, Kaba Gassama y Anni Espar. <\/span><\/p>\n<p><!--StartFragment --><span class=\"cf0\">Cada periodista ha creado un superpoder imaginario para su protagonista, gracias al cual han logrado llegar a donde est\u00e1n ahora.<\/span><!--EndFragment --><\/p>\n<p class=\"pf0\"><span class=\"cf0\">\ud83c\udfa7Esc\u00fachalo en <a href=\"https:\/\/www.3cat.cat\/tv3\/sx3\/superheroines\/\" target=\"_blank\" rel=\"noopener\"><strong>SX3<\/strong><\/a> , <a href=\"https:\/\/music.amazon.com\/podcasts\/16ad2d98-5ec7-46d4-8957-8d36d9d7d84e\/superhero%C3%AFnes-de-l'esport\" target=\"_blank\" rel=\"noopener\"><strong>Apple Podcasts<\/strong><\/a> , <a href=\"https:\/\/www.ivoox.com\/podcast-superheroines-l-esport_sq_f11822755_1.html\" target=\"_blank\" rel=\"noopener\"><strong>iVoox<\/strong><\/a> y <a href=\"https:\/\/music.amazon.com\/podcasts\/16ad2d98-5ec7-46d4-8957-8d36d9d7d84e\/superhero%C3%AFnes-de-l'esport\" target=\"_blank\" rel=\"noopener\"><strong>Amazon Music<\/strong><\/a>.<br \/>\n<!--EndFragment --><!--EndFragment --><\/span><\/p>\n<p><!--EndFragment -->[\/et_pb_text][\/et_pb_column][et_pb_column type=\u00bb1_4&#8243; _builder_version=\u00bb4.27.4&#8243; _module_preset=\u00bbdefault\u00bb global_colors_info=\u00bb{}\u00bb][et_pb_image src=\u00bbhttps:\/\/cases.fundesplai.org\/wp-content\/uploads\/2025\/11\/Projecte-nou-2.webp\u00bb alt=\u00bbpodcast para escuchar en familia superhero\u00ednas del deporte\u00bb title_text=\u00bbP\u00f3dcast familia Fundesplai\u00bb align=\u00bbcenter\u00bb _builder_version=\u00bb4.27.4&#8243; _module_preset=\u00bbdefault\u00bb width=\u00bb80%\u00bb max_width=\u00bb65%\u00bb module_alignment=\u00bbcenter\u00bb custom_padding=\u00bb||||false|false\u00bb global_colors_info=\u00bb{}\u00bb custom_padding__hover_enabled=\u00bbon|desktop\u00bb custom_padding__hover=\u00bb50px||||false|false\u00bb][\/et_pb_image][\/et_pb_column][\/et_pb_row][et_pb_row admin_label=\u00bbT\u00cdTULO 4 MONOS EN UN PRADO\u00bb _builder_version=\u00bb4.27.4&#8243; _module_preset=\u00bbdefault\u00bb global_colors_info=\u00bb{}\u00bb][et_pb_column type=\u00bb4_4&#8243; _builder_version=\u00bb4.27.4&#8243; _module_preset=\u00bbdefault\u00bb global_colors_info=\u00bb{}\u00bb][et_pb_text admin_label=\u00bbText\u00bb _builder_version=\u00bb4.27.4&#8243; _module_preset=\u00bbdefault\u00bb global_colors_info=\u00bb{}\u00bb]<\/p>\n<h4>3. 4 micos i un prat<\/h4>\n<p>[\/et_pb_text][\/et_pb_column][\/et_pb_row][et_pb_row column_structure=\u00bb3_4,1_4&#8243; disabled_on=\u00bbon|on|off\u00bb admin_label=\u00bbPODCASTO 3&#8243; _builder_version=\u00bb4.27.4&#8243; _module_preset=\u00bbdefault\u00bb global_colors_info=\u00bb{}\u00bb][et_pb_column type=\u00bb3_4&#8243; _builder_version=\u00bb4.27.4&#8243; _module_preset=\u00bbdefault\u00bb global_colors_info=\u00bb{}\u00bb][et_pb_text admin_label=\u00bb4 MICOS EN UN PRAT\u00bb _builder_version=\u00bb4.27.4&#8243; _module_preset=\u00bbdefault\u00bb custom_margin=\u00bb-10px||||false|false\u00bb global_colors_info=\u00bb{}\u00bb]<\/p>\n<p class=\"pf0\">\u00a1Descubre nuevas aventuras con Tina, Sam, Ton y Paulina, un <strong>grupo de amigos y amigas muy divertido<\/strong> !<\/p>\n<p class=\"pf0\"><span class=\"cf1\">Acompa\u00f1a-los durante su <strong>estancia en una casa de colonias<\/strong> con la escuela. Un emocionante podcast especialmente recomendado para <strong>mayores de 7 a\u00f1os<\/strong>.  <\/span><\/p>\n<p><span class=\"cf1\">Y si la historia te engancha, no te pierdas las otras temporadas: \u00abLa casa del bosc\u00bb y \u00abLa geoda misteriosa\u00bb. <strong>\u00a1Un podcast pensado para los esp\u00edritus m\u00e1s aventureros!<\/strong><\/span><!--EndFragment --><\/p>\n<p class=\"pf0\"><span class=\"cf2\">\ud83c\udfa7<\/span><span class=\"cf1\">Disponible en <a href=\"https:\/\/www.ivoox.com\/podcast-radio-contes_sq_f11456614_1.html\" target=\"_blank\" rel=\"noopener\"><strong>iVoox<\/strong><\/a>, <a href=\"https:\/\/open.spotify.com\/show\/3a3jn7Gy4MucOxhtDA6rX1\" target=\"_blank\" rel=\"noopener\"> <strong>Spotify y<\/strong><\/a> <a href=\"https:\/\/podcasts.apple.com\/es\/podcast\/r%C3%A0dio-contes\/id1604381559\" target=\"_blank\" rel=\"noopener\"><strong>Apple Podcasts<\/strong><\/a>. Una producci\u00f3n de R\u00e0dio Contes.<\/span><\/p>\n<p><!--EndFragment -->[\/et_pb_text][et_pb_text _builder_version=\u00bb4.27.4&#8243; _module_preset=\u00bbdefault\u00bb global_colors_info=\u00bb{}\u00bb]<\/p>\n<blockquote><p><span class=\"cf0\">\u00bfQuieres vivir una aventura similar? <a href=\"https:\/\/cases.fundesplai.org\/es\/alojamientos\/\" rel=\"noopener\">Descubre nuestras casas de colonias<\/a> y disfruta de una estancia familiar. <\/span><span class=\"cf1\"> <\/span><\/p><\/blockquote>\n<p>[\/et_pb_text][\/et_pb_column][et_pb_column type=\u00bb1_4&#8243; _builder_version=\u00bb4.27.4&#8243; _module_preset=\u00bbdefault\u00bb global_colors_info=\u00bb{}\u00bb][et_pb_image src=\u00bbhttps:\/\/cases.fundesplai.org\/wp-content\/uploads\/2025\/12\/4-micos.webp\u00bb alt=\u00bbPodcast para escuchar en familia a 4 monos en un prado\u00bb title_text=\u00bbP\u00f3dcast familia Fundesplai\u00bb align=\u00bbcenter\u00bb _builder_version=\u00bb4.27.4&#8243; _module_preset=\u00bbdefault\u00bb width=\u00bb70%\u00bb max_width=\u00bb65%\u00bb max_height=\u00bb1000px\u00bb custom_margin=\u00bb65px||||false|false\u00bb custom_padding=\u00bb||||false|false\u00bb global_colors_info=\u00bb{}\u00bb][\/et_pb_image][\/et_pb_column][\/et_pb_row][et_pb_row column_structure=\u00bb3_4,1_4&#8243; disabled_on=\u00bboff|off|on\u00bb admin_label=\u00bbPODCASTO 3&#8243; _builder_version=\u00bb4.27.4&#8243; _module_preset=\u00bbdefault\u00bb global_colors_info=\u00bb{}\u00bb][et_pb_column type=\u00bb3_4&#8243; _builder_version=\u00bb4.27.4&#8243; _module_preset=\u00bbdefault\u00bb global_colors_info=\u00bb{}\u00bb][et_pb_text admin_label=\u00bb4 MICOS EN UN PRAT\u00bb _builder_version=\u00bb4.27.4&#8243; _module_preset=\u00bbdefault\u00bb custom_margin=\u00bb-10px||||false|false\u00bb global_colors_info=\u00bb{}\u00bb]<\/p>\n<p class=\"pf0\">\u00a1Descubre nuevas aventuras con Tina, Sam, Ton y Paulina, un <strong>grupo de amigos y amigas muy divertido<\/strong> !<\/p>\n<p class=\"pf0\"><span class=\"cf1\">Acompa\u00f1a-los durante su <strong>estancia en una casa de colonias<\/strong> con la escuela. Un emocionante podcast especialmente recomendado para <strong>mayores de 7 a\u00f1os<\/strong>.  <\/span><\/p>\n<p><span class=\"cf1\">Y si la historia te engancha, no te pierdas las otras temporadas: \u00abLa casa del bosc\u00bb y \u00abLa geoda misteriosa\u00bb. <strong>\u00a1Un podcast pensado para los esp\u00edritus m\u00e1s aventureros!<\/strong><\/span><!--EndFragment --><\/p>\n<p class=\"pf0\"><span class=\"cf2\">\ud83c\udfa7<\/span><span class=\"cf1\">Disponible en <a href=\"https:\/\/www.ivoox.com\/podcast-radio-contes_sq_f11456614_1.html\" target=\"_blank\" rel=\"noopener\"><strong>iVoox<\/strong><\/a>, <a href=\"https:\/\/open.spotify.com\/show\/3a3jn7Gy4MucOxhtDA6rX1\" target=\"_blank\" rel=\"noopener\"> <strong>Spotify y<\/strong><\/a> <a href=\"https:\/\/podcasts.apple.com\/es\/podcast\/r%C3%A0dio-contes\/id1604381559\" target=\"_blank\" rel=\"noopener\"><strong>Apple Podcasts<\/strong><\/a>. Una producci\u00f3n de R\u00e0dio Contes.<\/span><\/p>\n<p><!--EndFragment -->[\/et_pb_text][et_pb_text _builder_version=\u00bb4.27.4&#8243; _module_preset=\u00bbdefault\u00bb global_colors_info=\u00bb{}\u00bb]<\/p>\n<blockquote><p><span class=\"cf0\">\u00bfQuieres vivir una aventura similar? <a href=\"https:\/\/cases.fundesplai.org\/es\/alojamientos\/\" target=\"_blank\" rel=\"noopener\">Descubre nuestras casas de colonias<\/a> y disfruta de una estancia familiar. <\/span><span class=\"cf1\"> <\/span><\/p><\/blockquote>\n<p>[\/et_pb_text][\/et_pb_column][et_pb_column type=\u00bb1_4&#8243; _builder_version=\u00bb4.27.4&#8243; _module_preset=\u00bbdefault\u00bb global_colors_info=\u00bb{}\u00bb][et_pb_image src=\u00bbhttps:\/\/cases.fundesplai.org\/wp-content\/uploads\/2025\/12\/4-micos.webp\u00bb alt=\u00bbPodcast para escuchar en familia a 4 monos en un prado\u00bb title_text=\u00bbP\u00f3dcast familia Fundesplai\u00bb align=\u00bbcenter\u00bb _builder_version=\u00bb4.27.4&#8243; _module_preset=\u00bbdefault\u00bb width=\u00bb70%\u00bb max_width=\u00bb65%\u00bb max_height=\u00bb1000px\u00bb custom_margin=\u00bb||||false|false\u00bb custom_padding=\u00bb||||false|false\u00bb global_colors_info=\u00bb{}\u00bb][\/et_pb_image][\/et_pb_column][\/et_pb_row][et_pb_row admin_label=\u00bbT\u00cdTULO CUENTOS DE NAVIDAD\u00bb _builder_version=\u00bb4.27.4&#8243; _module_preset=\u00bbdefault\u00bb global_colors_info=\u00bb{}\u00bb][et_pb_column type=\u00bb4_4&#8243; _builder_version=\u00bb4.27.4&#8243; _module_preset=\u00bbdefault\u00bb global_colors_info=\u00bb{}\u00bb][et_pb_text admin_label=\u00bbText\u00bb _builder_version=\u00bb4.27.4&#8243; _module_preset=\u00bbdefault\u00bb global_colors_info=\u00bb{}\u00bb]<\/p>\n<h4>4. Contes de Nadal<\/h4>\n<p>[\/et_pb_text][\/et_pb_column][\/et_pb_row][et_pb_row column_structure=\u00bb3_4,1_4&#8243; disabled_on=\u00bbon|on|off\u00bb admin_label=\u00bbPODCASTO 4&#8243; _builder_version=\u00bb4.27.4&#8243; _module_preset=\u00bbdefault\u00bb global_colors_info=\u00bb{}\u00bb][et_pb_column type=\u00bb3_4&#8243; _builder_version=\u00bb4.27.4&#8243; _module_preset=\u00bbdefault\u00bb global_colors_info=\u00bb{}\u00bb][et_pb_text admin_label=\u00bbCONTES DE NADAL\u00bb _builder_version=\u00bb4.27.4&#8243; _module_preset=\u00bbdefault\u00bb custom_margin=\u00bb-10px||||false|false\u00bb custom_padding=\u00bb0px|||||\u00bb global_colors_info=\u00bb{}\u00bb]<\/p>\n<p class=\"pf0\">\u00bfA tus hijos e hijas les apasionan las fiestas de invierno?<\/p>\n<p class=\"pf0\"><span class=\"cf1\">Te presentamos una <strong>recopilaci\u00f3n de cuentos de Navidad<\/strong> que se alejan de los t\u00f3picos navide\u00f1os y de escenarios id\u00edlicos. <\/span><\/p>\n<p class=\"pf0\"><span class=\"cf1\">No te pierdas estas <strong>adaptaciones literarias<\/strong> que te invitan a mirar estas fechas con otra perspectiva y permiten espacios de reflexi\u00f3n en familia. <\/span><!--EndFragment --><!--EndFragment --><\/p>\n<p class=\"pf0\"><span class=\"cf1\">\ud83c\udfa7Esc\u00fachalo<\/span> <span class=\"cf0\">en <a href=\"https:\/\/www.ivoox.com\/podcast-contes-nadal_sq_f11733631_1.html\" target=\"_blank\" rel=\"noopener\"><strong>Ivoox<\/strong><\/a> , <a href=\"https:\/\/open.spotify.com\/show\/2XuoX46dzO5TjkMOfpp5Em\" target=\"_blank\" rel=\"noopener\"><strong>Spotify<\/strong><\/a> y <a href=\"https:\/\/podcasts.apple.com\/es\/podcast\/contes-de-nadal\/id1656276171\" target=\"_blank\" rel=\"noopener\"><strong>Apple Podcasts<\/strong><\/a>.<!--StartFragment --><\/span> <span class=\"cf0\">Una producci\u00f3n de la Unitat de Normalizaci\u00f3 Ling\u00fc\u00edstica de la Diputaci\u00f3 de Val\u00e8ncia.<\/span> <span class=\"cf0\"><!--EndFragment --><\/span><\/p>\n<p><!--EndFragment -->[\/et_pb_text][\/et_pb_column][et_pb_column type=\u00bb1_4&#8243; _builder_version=\u00bb4.27.4&#8243; _module_preset=\u00bbdefault\u00bb global_colors_info=\u00bb{}\u00bb][et_pb_image src=\u00bbhttps:\/\/cases.fundesplai.org\/wp-content\/uploads\/2025\/12\/contes-nadal.webp\u00bb alt=\u00bbP\u00f3dcast para escuchar en familia cuentos de Navidad\u00bb title_text=\u00bbP\u00f3dcast familia Fundesplai\u00bb show_bottom_space=\u00bboff\u00bb align=\u00bbcenter\u00bb _builder_version=\u00bb4.27.4&#8243; _module_preset=\u00bbdefault\u00bb width=\u00bb80%\u00bb max_width=\u00bb65%\u00bb custom_margin=\u00bb30px||||false|false\u00bb custom_padding=\u00bb||0px||false|false\u00bb global_colors_info=\u00bb{}\u00bb][\/et_pb_image][\/et_pb_column][\/et_pb_row][et_pb_row column_structure=\u00bb3_4,1_4&#8243; disabled_on=\u00bboff|off|on\u00bb admin_label=\u00bbPODCASTO 4&#8243; _builder_version=\u00bb4.27.4&#8243; _module_preset=\u00bbdefault\u00bb global_colors_info=\u00bb{}\u00bb][et_pb_column type=\u00bb3_4&#8243; _builder_version=\u00bb4.27.4&#8243; _module_preset=\u00bbdefault\u00bb global_colors_info=\u00bb{}\u00bb][et_pb_text admin_label=\u00bbCONTES DE NADAL\u00bb _builder_version=\u00bb4.27.4&#8243; _module_preset=\u00bbdefault\u00bb custom_margin=\u00bb-10px||||false|false\u00bb custom_padding=\u00bb0px|||||\u00bb global_colors_info=\u00bb{}\u00bb]<\/p>\n<p class=\"pf0\">\u00bfA tus hijos e hijas les apasionan las fiestas de invierno?<\/p>\n<p class=\"pf0\"><span class=\"cf1\">Te presentamos una <strong>recopilaci\u00f3n de cuentos de Navidad<\/strong> que se alejan de los t\u00f3picos navide\u00f1os y de escenarios id\u00edlicos. <\/span><\/p>\n<p class=\"pf0\"><span class=\"cf1\">No te pierdas estas <strong>adaptaciones literarias<\/strong> que te invitan a mirar estas fechas con otra perspectiva y permiten espacios de reflexi\u00f3n en familia. <\/span><!--EndFragment --><!--EndFragment --><\/p>\n<p class=\"pf0\"><span class=\"cf1\">\ud83c\udfa7Esc\u00fachalo<\/span> <span class=\"cf0\">en <a href=\"https:\/\/www.ivoox.com\/podcast-contes-nadal_sq_f11733631_1.html\" target=\"_blank\" rel=\"noopener\"><strong>Ivoox<\/strong><\/a> , <a href=\"https:\/\/open.spotify.com\/show\/2XuoX46dzO5TjkMOfpp5Em\" target=\"_blank\" rel=\"noopener\"><strong>Spotify<\/strong><\/a> y <a href=\"https:\/\/podcasts.apple.com\/es\/podcast\/contes-de-nadal\/id1656276171\" target=\"_blank\" rel=\"noopener\"><strong>Apple Podcasts<\/strong><\/a>.<!--StartFragment --><\/span> <span class=\"cf0\">Una producci\u00f3n de la Unitat de Normalizaci\u00f3 Ling\u00fc\u00edstica de la Diputaci\u00f3 de Val\u00e8ncia.<\/span> <span class=\"cf0\"><!--EndFragment --><\/span><\/p>\n<p><!--EndFragment -->[\/et_pb_text][\/et_pb_column][et_pb_column type=\u00bb1_4&#8243; _builder_version=\u00bb4.27.4&#8243; _module_preset=\u00bbdefault\u00bb global_colors_info=\u00bb{}\u00bb][et_pb_image src=\u00bbhttps:\/\/cases.fundesplai.org\/wp-content\/uploads\/2025\/12\/contes-nadal.webp\u00bb alt=\u00bbP\u00f3dcast para escuchar en familia cuentos de Navidad\u00bb title_text=\u00bbP\u00f3dcast familia Fundesplai\u00bb show_bottom_space=\u00bboff\u00bb align=\u00bbcenter\u00bb _builder_version=\u00bb4.27.4&#8243; _module_preset=\u00bbdefault\u00bb width=\u00bb80%\u00bb max_width=\u00bb65%\u00bb custom_margin=\u00bb||||false|false\u00bb custom_padding=\u00bb||0px||false|false\u00bb global_colors_info=\u00bb{}\u00bb][\/et_pb_image][\/et_pb_column][\/et_pb_row][et_pb_row admin_label=\u00bbT\u00cdTULO HACER HISTORIA\u00bb _builder_version=\u00bb4.27.4&#8243; _module_preset=\u00bbdefault\u00bb global_colors_info=\u00bb{}\u00bb][et_pb_column type=\u00bb4_4&#8243; _builder_version=\u00bb4.27.4&#8243; _module_preset=\u00bbdefault\u00bb global_colors_info=\u00bb{}\u00bb][et_pb_text admin_label=\u00bbText\u00bb _builder_version=\u00bb4.27.4&#8243; _module_preset=\u00bbdefault\u00bb global_colors_info=\u00bb{}\u00bb]<\/p>\n<h4>5. Van fer hist\u00f2ria<\/h4>\n<p>[\/et_pb_text][\/et_pb_column][\/et_pb_row][et_pb_row column_structure=\u00bb3_4,1_4&#8243; disabled_on=\u00bbon|on|off\u00bb admin_label=\u00bbPODCASTO 5&#8243; _builder_version=\u00bb4.27.4&#8243; _module_preset=\u00bbdefault\u00bb global_colors_info=\u00bb{}\u00bb][et_pb_column type=\u00bb3_4&#8243; _builder_version=\u00bb4.27.4&#8243; _module_preset=\u00bbdefault\u00bb global_colors_info=\u00bb{}\u00bb][et_pb_text admin_label=\u00bbVAN FER HIST\u00d2RIA\u00bb _builder_version=\u00bb4.27.4&#8243; _module_preset=\u00bbdefault\u00bb custom_margin=\u00bb-10px||||false|false\u00bb hover_enabled=\u00bb0&#8243; global_colors_info=\u00bb{}\u00bb sticky_enabled=\u00bb0&#8243;]<\/p>\n<p><span class=\"cf0\">Este podcast de la revista Petit S\u00e0piens dedica sus episodios a personajes hist\u00f3ricos de diferentes \u00e9pocas que persiguieron sus sue\u00f1os superando grandes obst\u00e1culos. Es una forma ideal para que los ni\u00f1os y ni\u00f1as, y tambi\u00e9n los adultos, <strong>aprendan historia de forma amena y entretenida<\/strong>.  <\/span><\/p>\n<p><span class=\"cf0\">Adem\u00e1s, \u00a1cada episodio incluye contenido extra y un quiz interactivo para comprobar si hab\u00e9is estado atentos y atentas!<\/span><!--EndFragment --><br \/><!--EndFragment --><!--EndFragment --><\/p>\n<p><!--StartFragment --><span class=\"cf0\">\ud83c\udfa7<\/span> Lo puedes escuchar en <span class=\"cf0\"><a href=\"https:\/\/www.3cat.cat\/tv3\/sx3\/van-fer-historia\/\" target=\"_blank\" rel=\"noopener\"><strong>SX3,<\/strong><\/a><\/span> <span class=\"cf0\"><strong><a href=\"https:\/\/open.spotify.com\/show\/1gq2nqcaAcn8LK1ZRbHGQI\" target=\"_blank\" rel=\"noopener\">Spotify<\/a> , <a href=\"https:\/\/music.amazon.es\/podcasts\/30fdd49d-40c0-426f-903b-d1be9bbe9155\/van-fer-hist%C3%B2ria\" target=\"_blank\" rel=\"noopener\">Amazon Music<\/a> , <a href=\"https:\/\/www.ivoox.com\/podcast-van-fer-historia_sq_f12421348_1.html\" target=\"_blank\" rel=\"noopener\">iVoox<\/a><\/strong> y <a href=\"https:\/\/podcasts.apple.com\/us\/podcast\/van-fer-hist%C3%B2ria\/id1744915723\" target=\"_blank\" rel=\"noopener\"><strong>Apple Podcasts.<\/strong><\/a><\/span><\/p>\n<p><!--EndFragment --><\/p>\n<p>[\/et_pb_text][\/et_pb_column][et_pb_column type=\u00bb1_4&#8243; _builder_version=\u00bb4.27.4&#8243; _module_preset=\u00bbdefault\u00bb global_colors_info=\u00bb{}\u00bb][et_pb_image src=\u00bbhttps:\/\/cases.fundesplai.org\/wp-content\/uploads\/2025\/11\/Projecte-nou-3.webp\u00bb alt=\u00bbpodcast para escuchar en familia hicieron historia\u00bb title_text=\u00bbP\u00f3dcast familia Fundesplai\u00bb align=\u00bbcenter\u00bb _builder_version=\u00bb4.27.4&#8243; _module_preset=\u00bbdefault\u00bb width=\u00bb70%\u00bb max_width=\u00bb65%\u00bb max_height=\u00bb1000px\u00bb custom_padding=\u00bb20px||||false|false\u00bb global_colors_info=\u00bb{}\u00bb][\/et_pb_image][\/et_pb_column][\/et_pb_row][et_pb_row column_structure=\u00bb3_4,1_4&#8243; disabled_on=\u00bboff|off|on\u00bb admin_label=\u00bbPODCASTO 5&#8243; _builder_version=\u00bb4.27.4&#8243; _module_preset=\u00bbdefault\u00bb global_colors_info=\u00bb{}\u00bb][et_pb_column type=\u00bb3_4&#8243; _builder_version=\u00bb4.27.4&#8243; _module_preset=\u00bbdefault\u00bb global_colors_info=\u00bb{}\u00bb][et_pb_text admin_label=\u00bbVAN FER HIST\u00d2RIA\u00bb _builder_version=\u00bb4.27.4&#8243; _module_preset=\u00bbdefault\u00bb custom_margin=\u00bb-10px||||false|false\u00bb hover_enabled=\u00bb0&#8243; global_colors_info=\u00bb{}\u00bb sticky_enabled=\u00bb0&#8243;]<\/p>\n<p><span class=\"cf0\">Este podcast de la revista Petit S\u00e0piens dedica sus episodios a personajes hist\u00f3ricos de diferentes \u00e9pocas que persiguieron sus sue\u00f1os superando grandes obst\u00e1culos. Es una forma ideal para que los ni\u00f1os y ni\u00f1as, y tambi\u00e9n los adultos, <strong>aprendan historia de forma amena y entretenida<\/strong>.  <\/span><\/p>\n<p><span class=\"cf0\">Adem\u00e1s, \u00a1cada episodio incluye contenido extra y un quiz interactivo para comprobar si hab\u00e9is estado atentos y atentas!<\/span><\/p>\n<p><span class=\"cf0\">\ud83c\udfa7<\/span> Lo puedes escuchar en <span class=\"cf0\"><a href=\"https:\/\/www.3cat.cat\/tv3\/sx3\/van-fer-historia\/\" target=\"_blank\" rel=\"noopener\"><strong>SX3,<\/strong><\/a><\/span> <span class=\"cf0\"><strong><a href=\"https:\/\/open.spotify.com\/show\/1gq2nqcaAcn8LK1ZRbHGQI\" target=\"_blank\" rel=\"noopener\">Spotify<\/a> , <a href=\"https:\/\/music.amazon.es\/podcasts\/30fdd49d-40c0-426f-903b-d1be9bbe9155\/van-fer-hist%C3%B2ria\" target=\"_blank\" rel=\"noopener\">Amazon Music<\/a> , <a href=\"https:\/\/www.ivoox.com\/podcast-van-fer-historia_sq_f12421348_1.html\" target=\"_blank\" rel=\"noopener\">iVoox<\/a><\/strong> y <a href=\"https:\/\/podcasts.apple.com\/us\/podcast\/van-fer-hist%C3%B2ria\/id1744915723\" target=\"_blank\" rel=\"noopener\"><strong>Apple Podcasts.<\/strong><\/a><\/span><\/p>\n<p><!--EndFragment --><\/p>\n<p>[\/et_pb_text][\/et_pb_column][et_pb_column type=\u00bb1_4&#8243; _builder_version=\u00bb4.27.4&#8243; _module_preset=\u00bbdefault\u00bb global_colors_info=\u00bb{}\u00bb][et_pb_image src=\u00bbhttps:\/\/cases.fundesplai.org\/wp-content\/uploads\/2025\/11\/Projecte-nou-3.webp\u00bb alt=\u00bbpodcast para escuchar en familia hicieron historia\u00bb title_text=\u00bbP\u00f3dcast familia Fundesplai\u00bb align=\u00bbcenter\u00bb _builder_version=\u00bb4.27.4&#8243; _module_preset=\u00bbdefault\u00bb width=\u00bb70%\u00bb max_width=\u00bb65%\u00bb max_height=\u00bb1000px\u00bb custom_padding=\u00bb||||false|false\u00bb global_colors_info=\u00bb{}\u00bb][\/et_pb_image][\/et_pb_column][\/et_pb_row][et_pb_row admin_label=\u00bbT\u00cdTULO SI LAS PAREDES HABLAN\u00bb _builder_version=\u00bb4.27.4&#8243; _module_preset=\u00bbdefault\u00bb global_colors_info=\u00bb{}\u00bb][et_pb_column type=\u00bb4_4&#8243; _builder_version=\u00bb4.27.4&#8243; _module_preset=\u00bbdefault\u00bb global_colors_info=\u00bb{}\u00bb][et_pb_text admin_label=\u00bbText\u00bb _builder_version=\u00bb4.27.4&#8243; _module_preset=\u00bbdefault\u00bb global_colors_info=\u00bb{}\u00bb]<\/p>\n<h4>6. Si les parets parlessin<\/h4>\n<p>[\/et_pb_text][\/et_pb_column][\/et_pb_row][et_pb_row column_structure=\u00bb3_4,1_4&#8243; disabled_on=\u00bbon|on|off\u00bb admin_label=\u00bbPODCASTO 6&#8243; _builder_version=\u00bb4.27.4&#8243; _module_preset=\u00bbdefault\u00bb global_colors_info=\u00bb{}\u00bb][et_pb_column type=\u00bb3_4&#8243; _builder_version=\u00bb4.27.4&#8243; _module_preset=\u00bbdefault\u00bb global_colors_info=\u00bb{}\u00bb][et_pb_text admin_label=\u00bbSI LES PARETS PARLESSIN\u00bb _builder_version=\u00bb4.27.4&#8243; _module_preset=\u00bbdefault\u00bb custom_margin=\u00bb-10px||||false|false\u00bb global_colors_info=\u00bb{}\u00bb]<\/p>\n<p class=\"pf0\"><strong>\u00bfTe has preguntado alguna vez c\u00f3mo ser\u00eda la construcci\u00f3n de un monasterio medieval? <\/strong><\/p>\n<p class=\"pf0\"><span class=\"cf0\">Este podcast est\u00e1 destinado a que toda la familia se adentre en la <strong>historia del patrimonio catal\u00e1n.<\/strong> Se trata de 20 episodios de 15 minutos en los que se recorren los <strong>monumentos m\u00e1s emblem\u00e1ticos de Catalunya.<\/strong>  <\/span><\/p>\n<p class=\"pf0\"><span class=\"cf0\">Con una narraci\u00f3n en formato de cuento llena de intriga, humor y curiosidades, es ideal para escuchar en familia cuando realizas <strong>visitas culturales, viajes o excursiones<\/strong> y quieres profundizar en la historia del territorio. <\/span><\/p>\n<p class=\"pf0\"><span class=\"cf0\">Despu\u00e9s de escuchar cada episodio podr\u00e1s saber todo lo aprendido a trav\u00e9s de actividades educativas y juegos de preguntas para los m\u00e1s peque\u00f1os y peque\u00f1as. <\/span><strong><span class=\"cf0\">\u00a1Prep\u00e1rate para un viaje en el tiempo! <\/span><\/strong><!--EndFragment --><\/p>\n<p class=\"pf0\"><!--EndFragment --><!--StartFragment --><span class=\"cf0\">\ud83c\udfa7Esc\u00fachalo en<a href=\"https:\/\/open.spotify.com\/playlist\/3BHNSdRax3jwtK96r7nmLe\" target=\"_blank\" rel=\"noopener\"> <strong>Spotify<\/strong><\/a>, <a href=\"https:\/\/podcasts.apple.com\/us\/podcast\/si-les-parets-parlessin\/id1692161927\" target=\"_blank\" rel=\"noopener\"> <strong>Apple Podcasts<\/strong><\/a>, <a href=\"https:\/\/www.ivoox.com\/podcast-si-les-parets-parlessin_sq_f12069203_1.html\" target=\"_blank\" rel=\"noopener\"><strong>iVoox<\/strong> y<\/a> <a href=\"https:\/\/music.amazon.es\/podcasts\/19f42a1b-1904-4d65-99fa-195de858fb8e\/si-les-parets-parlessin\" target=\"_blank\" rel=\"noopener\"><strong>Amazon Music<\/strong><\/a>. Una producci\u00f3n de l&#8217;Ag\u00e8ncia Catalana del Patrimoni Cultural y el Departament de Cultura de la Generalitat de Catalunya.<!--EndFragment --><!--EndFragment --><\/span><!--EndFragment --><\/p>\n<p><!--EndFragment -->[\/et_pb_text][\/et_pb_column][et_pb_column type=\u00bb1_4&#8243; _builder_version=\u00bb4.27.4&#8243; _module_preset=\u00bbdefault\u00bb global_colors_info=\u00bb{}\u00bb][et_pb_image src=\u00bbhttps:\/\/cases.fundesplai.org\/wp-content\/uploads\/2025\/11\/Projecte-nou-4.webp\u00bb alt=\u00bbP\u00f3dcast para escuchar en familia si las paredes hablaran\u00bb title_text=\u00bbP\u00f3dcast familia Fundesplai\u00bb align=\u00bbcenter\u00bb _builder_version=\u00bb4.27.4&#8243; _module_preset=\u00bbdefault\u00bb width=\u00bb80%\u00bb max_width=\u00bb65%\u00bb custom_padding=\u00bb130px||||false|false\u00bb global_colors_info=\u00bb{}\u00bb][\/et_pb_image][\/et_pb_column][\/et_pb_row][et_pb_row column_structure=\u00bb3_4,1_4&#8243; disabled_on=\u00bboff|off|on\u00bb admin_label=\u00bbPODCASTO 6&#8243; _builder_version=\u00bb4.27.4&#8243; _module_preset=\u00bbdefault\u00bb global_colors_info=\u00bb{}\u00bb][et_pb_column type=\u00bb3_4&#8243; _builder_version=\u00bb4.27.4&#8243; _module_preset=\u00bbdefault\u00bb global_colors_info=\u00bb{}\u00bb][et_pb_text admin_label=\u00bbSI LES PARETS PARLESSIN\u00bb _builder_version=\u00bb4.27.4&#8243; _module_preset=\u00bbdefault\u00bb custom_margin=\u00bb-10px||||false|false\u00bb global_colors_info=\u00bb{}\u00bb]<\/p>\n<p class=\"pf0\"><strong>\u00bfTe has preguntado alguna vez c\u00f3mo ser\u00eda la construcci\u00f3n de un monasterio medieval? <\/strong><\/p>\n<p class=\"pf0\"><span class=\"cf0\">Este podcast est\u00e1 destinado a que toda la familia se adentre en la <strong>historia del patrimonio catal\u00e1n.<\/strong> Se trata de 20 episodios de 15 minutos en los que se recorren los <strong>monumentos m\u00e1s emblem\u00e1ticos de Catalunya.<\/strong>  <\/span><\/p>\n<p class=\"pf0\"><span class=\"cf0\">Con una narraci\u00f3n en formato de cuento llena de intriga, humor y curiosidades, es ideal para escuchar en familia cuando realizas <strong>visitas culturales, viajes o excursiones<\/strong> y quieres profundizar en la historia del territorio. <\/span><\/p>\n<p class=\"pf0\"><span class=\"cf0\">Despu\u00e9s de escuchar cada episodio podr\u00e1s saber todo lo aprendido a trav\u00e9s de actividades educativas y juegos de preguntas para los m\u00e1s peque\u00f1os y peque\u00f1as. <\/span><strong><span class=\"cf0\">\u00a1Prep\u00e1rate para un viaje en el tiempo! <\/span><\/strong><!--EndFragment --><\/p>\n<p class=\"pf0\"><span class=\"cf0\">\ud83c\udfa7Esc\u00fachalo en<a href=\"https:\/\/open.spotify.com\/playlist\/3BHNSdRax3jwtK96r7nmLe\" target=\"_blank\" rel=\"noopener\"> <strong>Spotify<\/strong><\/a>, <a href=\"https:\/\/podcasts.apple.com\/us\/podcast\/si-les-parets-parlessin\/id1692161927\" target=\"_blank\" rel=\"noopener\"> <strong>Apple Podcasts<\/strong><\/a>, <a href=\"https:\/\/www.ivoox.com\/podcast-si-les-parets-parlessin_sq_f12069203_1.html\" target=\"_blank\" rel=\"noopener\"><strong>iVoox<\/strong> <\/a>i <a href=\"https:\/\/music.amazon.es\/podcasts\/19f42a1b-1904-4d65-99fa-195de858fb8e\/si-les-parets-parlessin\" target=\"_blank\" rel=\"noopener\"> <strong>Amazon Music<\/strong><\/a>. Una producci\u00f3n de l&#8217;Ag\u00e8ncia Catalana del Patrimoni Cultural y el Departament de Cultura de la Generalitat de Catalunya.<br \/>\n<!--EndFragment --><!--EndFragment --><\/span><!--EndFragment --><\/p>\n<p><!--EndFragment -->[\/et_pb_text][\/et_pb_column][et_pb_column type=\u00bb1_4&#8243; _builder_version=\u00bb4.27.4&#8243; _module_preset=\u00bbdefault\u00bb global_colors_info=\u00bb{}\u00bb][et_pb_image src=\u00bbhttps:\/\/cases.fundesplai.org\/wp-content\/uploads\/2025\/11\/Projecte-nou-4.webp\u00bb alt=\u00bbP\u00f3dcast para escuchar en familia si las paredes hablaran\u00bb title_text=\u00bbP\u00f3dcast familia Fundesplai\u00bb align=\u00bbcenter\u00bb _builder_version=\u00bb4.27.4&#8243; _module_preset=\u00bbdefault\u00bb width=\u00bb80%\u00bb max_width=\u00bb65%\u00bb custom_padding=\u00bb||||false|false\u00bb global_colors_info=\u00bb{}\u00bb][\/et_pb_image][\/et_pb_column][\/et_pb_row][et_pb_row admin_label=\u00bbT\u00cdTULO 10 MINUTOS DE PATIO\u00bb _builder_version=\u00bb4.27.4&#8243; _module_preset=\u00bbdefault\u00bb global_colors_info=\u00bb{}\u00bb][et_pb_column type=\u00bb4_4&#8243; _builder_version=\u00bb4.27.4&#8243; _module_preset=\u00bbdefault\u00bb global_colors_info=\u00bb{}\u00bb][et_pb_text admin_label=\u00bbText\u00bb _builder_version=\u00bb4.27.4&#8243; _module_preset=\u00bbdefault\u00bb global_colors_info=\u00bb{}\u00bb]<\/p>\n<h4>7.<!--StartFragment --> <span class=\"cf0\">10 minuts de pati<\/span><!--EndFragment --><\/h4>\n<p>[\/et_pb_text][\/et_pb_column][\/et_pb_row][et_pb_row column_structure=\u00bb3_4,1_4&#8243; admin_label=\u00bbPODCASTO 7&#8243; _builder_version=\u00bb4.27.4&#8243; _module_preset=\u00bbdefault\u00bb global_colors_info=\u00bb{}\u00bb][et_pb_column type=\u00bb3_4&#8243; _builder_version=\u00bb4.27.4&#8243; _module_preset=\u00bbdefault\u00bb global_colors_info=\u00bb{}\u00bb][et_pb_text admin_label=\u00bb10 MINUTS DE PATI\u00bb _builder_version=\u00bb4.27.4&#8243; _module_preset=\u00bbdefault\u00bb custom_margin=\u00bb-10px||||false|false\u00bb custom_padding=\u00bb5px|||||\u00bb global_colors_info=\u00bb{}\u00bb]<strong>Podcast en catal\u00e1n de meditaci\u00f3n<\/strong> para ni\u00f1os y ni\u00f1as, dise\u00f1ado para que aprendan a integrar la meditaci\u00f3n en su d\u00eda a d\u00eda. El objetivo es ayudarles a comprender y <strong>gestionar mejor sus emociones<\/strong> y eventos vitales. Se ense\u00f1an t\u00e9cnicas sencillas y accesibles para aprender a meditar.  <\/p>\n<p class=\"pf0\"><span class=\"cf2\">\ud83c\udfa7<\/span><span class=\"cf1\">Lo puedes encontrar en <a href=\"https:\/\/www.3cat.cat\/tv3\/sx3\/10-minuts-pati\/\" target=\"_blank\" rel=\"noopener\"><strong>SX3<\/strong><\/a>, <a href=\"https:\/\/open.spotify.com\/show\/1nrO9ZkxjOB1lqt2chZj6T\" target=\"_blank\" rel=\"noopener\"><strong>Spotify<\/strong><\/a>, <a href=\"https:\/\/podcasts.apple.com\/es\/podcast\/10-minuts-de-pati\/id1747478768?l=ca\" target=\"_blank\" rel=\"noopener\"><strong>Apple Podcasts<\/strong><\/a>, <a href=\"https:\/\/www.ivoox.com\/podcast-10-minuts-pati_sq_f12430411_1.html\" target=\"_blank\" rel=\"noopener\"><strong>iVoox<\/strong><\/a> y <a href=\"https:\/\/music.amazon.es\/podcasts\/d39bdc60-0c84-4d70-949e-11d681ababe0\/10-minuts-de-pati\" target=\"_blank\" rel=\"noopener\"><strong>Amazon Music<\/strong><\/a>.<\/span><\/p>\n<p><!--EndFragment -->[\/et_pb_text][\/et_pb_column][et_pb_column type=\u00bb1_4&#8243; _builder_version=\u00bb4.27.4&#8243; _module_preset=\u00bbdefault\u00bb global_colors_info=\u00bb{}\u00bb][et_pb_image src=\u00bbhttps:\/\/cases.fundesplai.org\/wp-content\/uploads\/2025\/11\/10-MINUTS-PATI.webp\u00bb alt=\u00bbPodcast para escuchar en familia 1 minutos de patio\u00bb title_text=\u00bbP\u00f3dcast familia Fundesplai\u00bb align=\u00bbcenter\u00bb _builder_version=\u00bb4.27.4&#8243; _module_preset=\u00bbdefault\u00bb width=\u00bb80%\u00bb max_width=\u00bb65%\u00bb custom_padding=\u00bb||||false|false\u00bb global_colors_info=\u00bb{}\u00bb][\/et_pb_image][\/et_pb_column][\/et_pb_row][et_pb_row admin_label=\u00bbT\u00cdTULO GOMETS\u00bb _builder_version=\u00bb4.27.4&#8243; _module_preset=\u00bbdefault\u00bb custom_padding=\u00bb0px|||||\u00bb global_colors_info=\u00bb{}\u00bb][et_pb_column type=\u00bb4_4&#8243; _builder_version=\u00bb4.27.4&#8243; _module_preset=\u00bbdefault\u00bb global_colors_info=\u00bb{}\u00bb][et_pb_text admin_label=\u00bbText\u00bb _builder_version=\u00bb4.27.4&#8243; _module_preset=\u00bbdefault\u00bb global_colors_info=\u00bb{}\u00bb]<\/p>\n<h4>8. Gomets<\/h4>\n<p>[\/et_pb_text][\/et_pb_column][\/et_pb_row][et_pb_row column_structure=\u00bb3_4,1_4&#8243; disabled_on=\u00bbon|on|off\u00bb admin_label=\u00bbPODCASTO 8&#8243; _builder_version=\u00bb4.27.4&#8243; _module_preset=\u00bbdefault\u00bb global_colors_info=\u00bb{}\u00bb][et_pb_column type=\u00bb3_4&#8243; _builder_version=\u00bb4.27.4&#8243; _module_preset=\u00bbdefault\u00bb global_colors_info=\u00bb{}\u00bb][et_pb_text admin_label=\u00bbGOMETS\u00bb _builder_version=\u00bb4.27.4&#8243; _module_preset=\u00bbdefault\u00bb custom_margin=\u00bb-10px||||false|false\u00bb global_colors_info=\u00bb{}\u00bb]\u00bfSe te hacen largos los viajes en coche? \u00bfTe has quedado sin ideas de juegos para hacer con tus hijos e hijas? \u00a1Te presentamos un <strong>podcast pensado para jugar en familia mientras viaj\u00e1is!<\/strong>  <\/p>\n<p class=\"pf0\"><span class=\"cf0\">Cada episodio incluye un <strong>juego con diez preguntas de tem\u00e1ticas diversas<\/strong>, ideal para un trayecto de unos 30 minutos. Permite aprender, debatir y descubrir cosas nuevas de una forma amena y divertida. <\/span><\/p>\n<p class=\"pf0\"><span class=\"cf1\">\ud83c\udfa7<\/span><span class=\"cf0\">Esc\u00fachalo en <a href=\"https:\/\/www.3cat.cat\/tv3\/sx3\/gomets\/\" target=\"_blank\" rel=\"noopener\"><strong>SX3<\/strong><\/a>, <a href=\"https:\/\/open.spotify.com\/show\/1YyrcLwMQuqlRpRh01Ajt8?si=eddf6499b3b34c93&amp;nd=1&amp;dlsi=685cd5df1a184274\" target=\"_blank\" rel=\"noopener\"><strong>Spotify<\/strong><\/a>, <a href=\"https:\/\/podcasts.apple.com\/us\/podcast\/gomets\/id1824690406\" target=\"_blank\" rel=\"noopener\"><strong>Apple Podcasts<\/strong><\/a>, <a href=\"https:\/\/www.ivoox.com\/podcast-gomets_sq_f12692963_1.html\" target=\"_blank\" rel=\"noopener\"><strong>iVoox<\/strong><\/a> y <a href=\"https:\/\/music.amazon.es\/podcasts\/349aef3f-5756-443f-8731-c945c387ccf5\/gomets\" target=\"_blank\" rel=\"noopener\"><strong>Amazon Music<\/strong><\/a>.<\/span><\/p>\n<p><!--EndFragment -->[\/et_pb_text][\/et_pb_column][et_pb_column type=\u00bb1_4&#8243; _builder_version=\u00bb4.27.4&#8243; _module_preset=\u00bbdefault\u00bb global_colors_info=\u00bb{}\u00bb][et_pb_image src=\u00bbhttps:\/\/cases.fundesplai.org\/wp-content\/uploads\/2025\/12\/gomets.webp\u00bb alt=\u00bbPodcast para escuchar en familia gomets\u00bb title_text=\u00bbP\u00f3dcast familia Fundesplai\u00bb align=\u00bbcenter\u00bb _builder_version=\u00bb4.27.4&#8243; _module_preset=\u00bbdefault\u00bb width=\u00bb80%\u00bb max_width=\u00bb65%\u00bb custom_padding=\u00bb20px||||false|false\u00bb global_colors_info=\u00bb{}\u00bb][\/et_pb_image][\/et_pb_column][\/et_pb_row][et_pb_row column_structure=\u00bb3_4,1_4&#8243; disabled_on=\u00bboff|off|on\u00bb admin_label=\u00bbPODCASTO 8&#8243; _builder_version=\u00bb4.27.4&#8243; _module_preset=\u00bbdefault\u00bb global_colors_info=\u00bb{}\u00bb][et_pb_column type=\u00bb3_4&#8243; _builder_version=\u00bb4.27.4&#8243; _module_preset=\u00bbdefault\u00bb global_colors_info=\u00bb{}\u00bb][et_pb_text admin_label=\u00bbGOMETS\u00bb _builder_version=\u00bb4.27.4&#8243; _module_preset=\u00bbdefault\u00bb custom_margin=\u00bb-10px||||false|false\u00bb global_colors_info=\u00bb{}\u00bb]\u00bfSe te hacen largos los viajes en coche? \u00bfTe has quedado sin ideas de juegos para hacer con tus hijos e hijas? \u00a1Te presentamos un <strong>podcast pensado para jugar en familia mientras viaj\u00e1is!<\/strong>  <\/p>\n<p class=\"pf0\"><span class=\"cf0\">Cada episodio incluye un <strong>juego con diez preguntas de tem\u00e1ticas diversas<\/strong>, ideal para un trayecto de unos 30 minutos. Permite aprender, debatir y descubrir cosas nuevas de una forma amena y divertida. <\/span><\/p>\n<p class=\"pf0\"><span class=\"cf1\">\ud83c\udfa7<\/span><span class=\"cf0\">Esc\u00fachalo en <a href=\"https:\/\/www.3cat.cat\/tv3\/sx3\/gomets\/\" target=\"_blank\" rel=\"noopener\"><strong>SX3<\/strong><\/a>, <a href=\"https:\/\/open.spotify.com\/show\/1YyrcLwMQuqlRpRh01Ajt8?si=eddf6499b3b34c93&amp;nd=1&amp;dlsi=685cd5df1a184274\" target=\"_blank\" rel=\"noopener\"><strong>Spotify<\/strong><\/a>, <a href=\"https:\/\/podcasts.apple.com\/us\/podcast\/gomets\/id1824690406\" target=\"_blank\" rel=\"noopener\"><strong>Apple Podcasts<\/strong><\/a>, <a href=\"https:\/\/www.ivoox.com\/podcast-gomets_sq_f12692963_1.html\" target=\"_blank\" rel=\"noopener\"><strong>iVoox<\/strong><\/a> y <a href=\"https:\/\/music.amazon.es\/podcasts\/349aef3f-5756-443f-8731-c945c387ccf5\/gomets\" target=\"_blank\" rel=\"noopener\"><strong>Amazon Music<\/strong><\/a>.<\/span><\/p>\n<p><!--EndFragment -->[\/et_pb_text][\/et_pb_column][et_pb_column type=\u00bb1_4&#8243; _builder_version=\u00bb4.27.4&#8243; _module_preset=\u00bbdefault\u00bb global_colors_info=\u00bb{}\u00bb][et_pb_image src=\u00bbhttps:\/\/cases.fundesplai.org\/wp-content\/uploads\/2025\/12\/gomets.webp\u00bb alt=\u00bbPodcast para escuchar en familia gomets\u00bb title_text=\u00bbP\u00f3dcast familia Fundesplai\u00bb align=\u00bbcenter\u00bb _builder_version=\u00bb4.27.4&#8243; _module_preset=\u00bbdefault\u00bb width=\u00bb80%\u00bb max_width=\u00bb65%\u00bb custom_padding=\u00bb||||false|false\u00bb global_colors_info=\u00bb{}\u00bb][\/et_pb_image][\/et_pb_column][\/et_pb_row][et_pb_row admin_label=\u00bbT\u00cdTULO CUENTOS DESEXPLICADOS\u00bb _builder_version=\u00bb4.27.4&#8243; _module_preset=\u00bbdefault\u00bb custom_padding=\u00bb0px|||||\u00bb global_colors_info=\u00bb{}\u00bb][et_pb_column type=\u00bb4_4&#8243; _builder_version=\u00bb4.27.4&#8243; _module_preset=\u00bbdefault\u00bb global_colors_info=\u00bb{}\u00bb][et_pb_text admin_label=\u00bbText\u00bb _builder_version=\u00bb4.27.4&#8243; _module_preset=\u00bbdefault\u00bb global_colors_info=\u00bb{}\u00bb]<\/p>\n<h4>9. Contes desexplicats<\/h4>\n<p>[\/et_pb_text][\/et_pb_column][\/et_pb_row][et_pb_row column_structure=\u00bb3_4,1_4&#8243; disabled_on=\u00bbon|on|off\u00bb admin_label=\u00bbPODCASTO 9&#8243; _builder_version=\u00bb4.27.4&#8243; _module_preset=\u00bbdefault\u00bb global_colors_info=\u00bb{}\u00bb][et_pb_column type=\u00bb3_4&#8243; _builder_version=\u00bb4.27.4&#8243; _module_preset=\u00bbdefault\u00bb global_colors_info=\u00bb{}\u00bb][et_pb_text admin_label=\u00bbCONTES DESEXPLICATS\u00bb _builder_version=\u00bb4.27.4&#8243; _module_preset=\u00bbdefault\u00bb custom_margin=\u00bb-10px||||false|false\u00bb global_colors_info=\u00bb{}\u00bb]\u00a1Aqu\u00ed encontrar\u00e1s <strong>relatos cl\u00e1sicos completamente cambiados<\/strong>!<\/p>\n<p class=\"pf0\"><span class=\"cf0\">Con la voluntad de ofrecer una mirada diferente a los cuentos tradicionales, RAC 1 y la compa\u00f1\u00eda Vivim del Cuentu, <strong>rompen estereotipos y t\u00f3picos<\/strong>, contando las historias de una manera diferente, donde las sorpresas y el humor son protagonistas.<\/span><\/p>\n<p class=\"pf0\"><span class=\"cf1\">\ud83c\udfa7Disponible<\/span><span class=\"cf0\"> en <a href=\"https:\/\/open.spotify.com\/show\/4ypT2oNy5PqRSGzAlJGTU5\" target=\"_blank\" rel=\"noopener\"><strong>Spotify<\/strong><\/a>, <a href=\"https:\/\/www.ivoox.com\/podcast-contes-desexplicats_sq_f12352507_1.html\" target=\"_blank\" rel=\"noopener\"><strong>iVoox<\/strong><\/a>, <a href=\"https:\/\/podcasts.apple.com\/es\/podcast\/contes-desexplicats\/id1723151023\" target=\"_blank\" rel=\"noopener\"><strong>Apple Podcasts<\/strong><\/a> y <a href=\"https:\/\/www.rac1.cat\/rac-mes-1\/contes-desexplicats\" target=\"_blank\" rel=\"noopener\"><strong>RAC1<\/strong><\/a>.<\/span><\/p>\n<p><!--EndFragment -->[\/et_pb_text][\/et_pb_column][et_pb_column type=\u00bb1_4&#8243; _builder_version=\u00bb4.27.4&#8243; _module_preset=\u00bbdefault\u00bb global_colors_info=\u00bb{}\u00bb][et_pb_image src=\u00bbhttps:\/\/cases.fundesplai.org\/wp-content\/uploads\/2025\/12\/contes-desexplicats-2.webp\u00bb alt=\u00bbPodcast para escuchar en familia cuentos desexplicados\u00bb title_text=\u00bbP\u00f3dcast familia Fundesplai\u00bb align=\u00bbcenter\u00bb _builder_version=\u00bb4.27.4&#8243; _module_preset=\u00bbdefault\u00bb width=\u00bb80%\u00bb max_width=\u00bb65%\u00bb custom_padding=\u00bb23px||||false|false\u00bb global_colors_info=\u00bb{}\u00bb][\/et_pb_image][\/et_pb_column][\/et_pb_row][et_pb_row column_structure=\u00bb3_4,1_4&#8243; disabled_on=\u00bboff|off|on\u00bb admin_label=\u00bbPODCASTO 9&#8243; _builder_version=\u00bb4.27.4&#8243; _module_preset=\u00bbdefault\u00bb global_colors_info=\u00bb{}\u00bb][et_pb_column type=\u00bb3_4&#8243; _builder_version=\u00bb4.27.4&#8243; _module_preset=\u00bbdefault\u00bb global_colors_info=\u00bb{}\u00bb][et_pb_text admin_label=\u00bbCONTES DESEXPLICATS\u00bb _builder_version=\u00bb4.27.4&#8243; _module_preset=\u00bbdefault\u00bb custom_margin=\u00bb-10px||||false|false\u00bb global_colors_info=\u00bb{}\u00bb]\u00a1Aqu\u00ed encontrar\u00e1s <strong>relatos cl\u00e1sicos completamente cambiados<\/strong>!<\/p>\n<p class=\"pf0\"><span class=\"cf0\">Con la voluntad de ofrecer una mirada diferente a los cuentos tradicionales, RAC 1 y la compa\u00f1\u00eda Vivim del Cuentu, <strong>rompen estereotipos y t\u00f3picos<\/strong>, contando las historias de una manera diferente, donde las sorpresas y el humor son protagonistas.<\/span><\/p>\n<p class=\"pf0\"><span class=\"cf1\">\ud83c\udfa7Disponible<\/span><span class=\"cf0\"> en <a href=\"https:\/\/open.spotify.com\/show\/4ypT2oNy5PqRSGzAlJGTU5\" target=\"_blank\" rel=\"noopener\"><strong>Spotify<\/strong><\/a>, <a href=\"https:\/\/www.ivoox.com\/podcast-contes-desexplicats_sq_f12352507_1.html\" target=\"_blank\" rel=\"noopener\"><strong>iVoox<\/strong><\/a>, <a href=\"https:\/\/podcasts.apple.com\/es\/podcast\/contes-desexplicats\/id1723151023\" target=\"_blank\" rel=\"noopener\"><strong>Apple Podcasts<\/strong><\/a> y <a href=\"https:\/\/www.rac1.cat\/rac-mes-1\/contes-desexplicats\" target=\"_blank\" rel=\"noopener\"><strong>RAC1<\/strong><\/a>.<\/span><\/p>\n<p><!--EndFragment -->[\/et_pb_text][\/et_pb_column][et_pb_column type=\u00bb1_4&#8243; _builder_version=\u00bb4.27.4&#8243; _module_preset=\u00bbdefault\u00bb global_colors_info=\u00bb{}\u00bb][et_pb_image src=\u00bbhttps:\/\/cases.fundesplai.org\/wp-content\/uploads\/2025\/12\/contes-desexplicats-2.webp\u00bb alt=\u00bbPodcast para escuchar en familia cuentos desexplicados\u00bb title_text=\u00bbP\u00f3dcast familia Fundesplai\u00bb align=\u00bbcenter\u00bb _builder_version=\u00bb4.27.4&#8243; _module_preset=\u00bbdefault\u00bb width=\u00bb80%\u00bb max_width=\u00bb65%\u00bb custom_padding=\u00bb||||false|false\u00bb global_colors_info=\u00bb{}\u00bb][\/et_pb_image][\/et_pb_column][\/et_pb_row][et_pb_row admin_label=\u00bbT\u00cdTULO MAGIA SONORA\u00bb _builder_version=\u00bb4.27.4&#8243; _module_preset=\u00bbdefault\u00bb custom_padding=\u00bb0px|||||\u00bb global_colors_info=\u00bb{}\u00bb][et_pb_column type=\u00bb4_4&#8243; _builder_version=\u00bb4.27.4&#8243; _module_preset=\u00bbdefault\u00bb global_colors_info=\u00bb{}\u00bb][et_pb_text admin_label=\u00bbText\u00bb _builder_version=\u00bb4.27.4&#8243; _module_preset=\u00bbdefault\u00bb global_colors_info=\u00bb{}\u00bb]<\/p>\n<h4>10. M\u00e0gia sonora<\/h4>\n<p>[\/et_pb_text][\/et_pb_column][\/et_pb_row][et_pb_row column_structure=\u00bb3_4,1_4&#8243; disabled_on=\u00bbon|on|off\u00bb admin_label=\u00bbPODCAST 10&#8243; _builder_version=\u00bb4.27.4&#8243; _module_preset=\u00bbdefault\u00bb global_colors_info=\u00bb{}\u00bb][et_pb_column type=\u00bb3_4&#8243; _builder_version=\u00bb4.27.4&#8243; _module_preset=\u00bbdefault\u00bb global_colors_info=\u00bb{}\u00bb][et_pb_text admin_label=\u00bbM\u00c0GIA SONORA\u00bb _builder_version=\u00bb4.27.4&#8243; _module_preset=\u00bbdefault\u00bb custom_margin=\u00bb-10px||||false|false\u00bb global_colors_info=\u00bb{}\u00bb]\u00a1Descubre el primer podcast infantil donde la voz se convierte en una herramienta m\u00e1gica! Los ni\u00f1os y ni\u00f1as quedar\u00e1n maravillados con los <strong>trucos de magia m\u00e1s espectaculares<\/strong>, que podr\u00e1n poner a prueba en casa siguiendo las indicaciones paso a paso. <\/p>\n<p class=\"pf0\"><span class=\"cf0\">\u00a1Un podcast creativo y original que fomenta la imaginaci\u00f3n y la sorpresa, con una gran dosis de <strong>diversi\u00f3n para toda la familia<\/strong>!<\/span><\/p>\n<p class=\"pf0\"><span class=\"cf0\">\u00bfA qu\u00e9 esperas para adentrarte en el fascinante mundo de la magia?<\/span><!--EndFragment --><\/p>\n<p><!--StartFragment --><span class=\"cf0\">\ud83c\udfa7Lo puedes escuchar en <a href=\"https:\/\/www.3cat.cat\/tv3\/sx3\/magia-sonora\/\" target=\"_blank\" rel=\"noopener\"><strong>SX3<\/strong><\/a>,<!--StartFragment --> <a href=\"https:\/\/open.spotify.com\/show\/4U1QLxda4WgOfeyPU0kAIK\" target=\"_blank\" rel=\"noopener\"><strong>Spotify<\/strong><\/a>, <a href=\"https:\/\/podcasts.apple.com\/es\/podcast\/m%C3%A0gia-sonora\/id1824690735\" target=\"_blank\" rel=\"noopener\"><strong>Apple Podcasts<\/strong><\/a>, <a href=\"https:\/\/www.ivoox.com\/podcast-magia-sonora_sq_f12692958_1.html\" target=\"_blank\" rel=\"noopener\"><strong>iVoox<\/strong><\/a> y <a href=\"https:\/\/music.amazon.es\/podcasts\/3ec0565c-1b59-4f70-9a0c-e9ea8b82bf69\/m%C3%A0gia-sonora\" target=\"_blank\" rel=\"noopener\"><strong>Amazon Music<\/strong><\/a>.<!--EndFragment --><\/span><!--EndFragment --><\/p>\n<p><!--EndFragment -->[\/et_pb_text][\/et_pb_column][et_pb_column type=\u00bb1_4&#8243; _builder_version=\u00bb4.27.4&#8243; _module_preset=\u00bbdefault\u00bb global_colors_info=\u00bb{}\u00bb][et_pb_image src=\u00bbhttps:\/\/cases.fundesplai.org\/wp-content\/uploads\/2025\/11\/Projecte-nou.webp\u00bb alt=\u00bbPodcast para escuchar en familia magia sonora\u00bb title_text=\u00bbP\u00f3dcast familia Fundesplai\u00bb align=\u00bbcenter\u00bb _builder_version=\u00bb4.27.4&#8243; _module_preset=\u00bbdefault\u00bb width=\u00bb80%\u00bb max_width=\u00bb65%\u00bb custom_margin=\u00bb49px||||false|false\u00bb custom_padding=\u00bb||||false|false\u00bb global_colors_info=\u00bb{}\u00bb][\/et_pb_image][\/et_pb_column][\/et_pb_row][et_pb_row column_structure=\u00bb3_4,1_4&#8243; disabled_on=\u00bboff|off|on\u00bb admin_label=\u00bbPODCAST 10&#8243; _builder_version=\u00bb4.27.4&#8243; _module_preset=\u00bbdefault\u00bb global_colors_info=\u00bb{}\u00bb][et_pb_column type=\u00bb3_4&#8243; _builder_version=\u00bb4.27.4&#8243; _module_preset=\u00bbdefault\u00bb global_colors_info=\u00bb{}\u00bb][et_pb_text admin_label=\u00bbM\u00c0GIA SONORA\u00bb _builder_version=\u00bb4.27.4&#8243; _module_preset=\u00bbdefault\u00bb custom_margin=\u00bb-10px||||false|false\u00bb global_colors_info=\u00bb{}\u00bb]\u00a1Descubre el primer podcast infantil donde la voz se convierte en una herramienta m\u00e1gica! Los ni\u00f1os y ni\u00f1as quedar\u00e1n maravillados con los <strong>trucos de magia m\u00e1s espectaculares<\/strong>, que podr\u00e1n poner a prueba en casa siguiendo las indicaciones paso a paso. <\/p>\n<p class=\"pf0\"><span class=\"cf0\">\u00a1Un podcast creativo y original que fomenta la imaginaci\u00f3n y la sorpresa, con una gran dosis de <strong>diversi\u00f3n para toda la familia<\/strong>!<\/span><\/p>\n<p class=\"pf0\"><span class=\"cf0\">\u00bfA qu\u00e9 esperas para adentrarte en el fascinante mundo de la magia?<\/span><!--EndFragment --><\/p>\n<p><span class=\"cf0\">\ud83c\udfa7Lo puedes escuchar en <a href=\"https:\/\/www.3cat.cat\/tv3\/sx3\/magia-sonora\/\" target=\"_blank\" rel=\"noopener\"><strong>SX3<\/strong><\/a>,<!--StartFragment --> <a href=\"https:\/\/open.spotify.com\/show\/4U1QLxda4WgOfeyPU0kAIK\" target=\"_blank\" rel=\"noopener\"><strong>Spotify<\/strong><\/a>, <a href=\"https:\/\/podcasts.apple.com\/es\/podcast\/m%C3%A0gia-sonora\/id1824690735\" target=\"_blank\" rel=\"noopener\"><strong>Apple Podcasts<\/strong><\/a>, <a href=\"https:\/\/www.ivoox.com\/podcast-magia-sonora_sq_f12692958_1.html\" target=\"_blank\" rel=\"noopener\"><strong>iVoox<\/strong><\/a> y <a href=\"https:\/\/music.amazon.es\/podcasts\/3ec0565c-1b59-4f70-9a0c-e9ea8b82bf69\/m%C3%A0gia-sonora\" target=\"_blank\" rel=\"noopener\"><strong>Amazon Music<\/strong><\/a>.<br \/>\n<!--EndFragment --><\/span><!--EndFragment --><\/p>\n<p><!--EndFragment -->[\/et_pb_text][\/et_pb_column][et_pb_column type=\u00bb1_4&#8243; _builder_version=\u00bb4.27.4&#8243; _module_preset=\u00bbdefault\u00bb global_colors_info=\u00bb{}\u00bb][et_pb_image src=\u00bbhttps:\/\/cases.fundesplai.org\/wp-content\/uploads\/2025\/11\/Projecte-nou.webp\u00bb alt=\u00bbPodcast para escuchar en familia magia sonora\u00bb title_text=\u00bbP\u00f3dcast familia Fundesplai\u00bb align=\u00bbcenter\u00bb _builder_version=\u00bb4.27.4&#8243; _module_preset=\u00bbdefault\u00bb width=\u00bb80%\u00bb max_width=\u00bb65%\u00bb custom_padding=\u00bb||||false|false\u00bb global_colors_info=\u00bb{}\u00bb][\/et_pb_image][\/et_pb_column][\/et_pb_row][et_pb_row admin_label=\u00bbT\u00cdTULO QUERCUS N\u00daM. 5&#8243; _builder_version=\u00bb4.27.4&#8243; _module_preset=\u00bbdefault\u00bb custom_padding=\u00bb0px|||||\u00bb global_colors_info=\u00bb{}\u00bb][et_pb_column type=\u00bb4_4&#8243; _builder_version=\u00bb4.27.4&#8243; _module_preset=\u00bbdefault\u00bb global_colors_info=\u00bb{}\u00bb][et_pb_text admin_label=\u00bbText\u00bb _builder_version=\u00bb4.27.4&#8243; _module_preset=\u00bbdefault\u00bb global_colors_info=\u00bb{}\u00bb]<\/p>\n<h4>11. Quercus n\u00fam. 5<\/h4>\n<p>[\/et_pb_text][\/et_pb_column][\/et_pb_row][et_pb_row column_structure=\u00bb3_4,1_4&#8243; admin_label=\u00bbPODCASTO 11&#8243; _builder_version=\u00bb4.27.4&#8243; _module_preset=\u00bbdefault\u00bb global_colors_info=\u00bb{}\u00bb][et_pb_column type=\u00bb3_4&#8243; _builder_version=\u00bb4.27.4&#8243; _module_preset=\u00bbdefault\u00bb global_colors_info=\u00bb{}\u00bb][et_pb_text admin_label=\u00bbQUERCUS N\u00daM. 5&#8243; _builder_version=\u00bb4.27.4&#8243; _module_preset=\u00bbdefault\u00bb custom_margin=\u00bb-10px||||false|false\u00bb global_colors_info=\u00bb{}\u00bb]Recomendada para <strong>mayores de 5 a\u00f1os<\/strong>, esta audioserie gira alrededor del <strong>vecindario de la Encina Grande<\/strong>, conocido como Quercus n\u00famero 5.<\/p>\n<p class=\"pf0\"><span class=\"cf0\">Un <strong>lugar habitado por diversas especies de animales<\/strong> que viven historias fascinantes y <strong>muchas aventuras<\/strong>, donde har\u00e1n nuevos amigos y amigas y te ense\u00f1ar\u00e1n a <a href=\"https:\/\/cases.fundesplai.org\/blog\/natura\/30-contes-per-estimar-la-natura\/\"><strong>amar la naturaleza<\/strong><\/a> .<\/span><\/p>\n<p class=\"pf0\"><span class=\"cf1\">\ud83c\udfa7<\/span><span class=\"cf0\">Esc\u00fachalo en <a href=\"https:\/\/www.ivoox.com\/podcast-radio-contes_sq_f11456614_1.html\" target=\"_blank\" rel=\"noopener\"> <strong>iVoox<\/strong><\/a>, <a href=\"https:\/\/open.spotify.com\/show\/3a3jn7Gy4MucOxhtDA6rX1\" target=\"_blank\" rel=\"noopener\"><strong>Spotify<\/strong> y<\/a> <a href=\"https:\/\/podcasts.apple.com\/es\/podcast\/r%C3%A0dio-contes\/id1604381559\" target=\"_blank\" rel=\"noopener\"><strong>Apple Podcasts<\/strong><\/a>. Una producci\u00f3n de R\u00e0dio Contes.<\/span><\/p>\n<p><!--EndFragment -->[\/et_pb_text][\/et_pb_column][et_pb_column type=\u00bb1_4&#8243; _builder_version=\u00bb4.27.4&#8243; _module_preset=\u00bbdefault\u00bb global_colors_info=\u00bb{}\u00bb][et_pb_image src=\u00bbhttps:\/\/cases.fundesplai.org\/wp-content\/uploads\/2025\/12\/quercus-num-5.webp\u00bb alt=\u00bbPodcast para escuchar en familia quercus n\u00fam 5&#8243; title_text=\u00bbP\u00f3dcast familia Fundesplai\u00bb align=\u00bbcenter\u00bb _builder_version=\u00bb4.27.4&#8243; _module_preset=\u00bbdefault\u00bb width=\u00bb80%\u00bb max_width=\u00bb65%\u00bb custom_padding=\u00bb20px||||false|false\u00bb global_colors_info=\u00bb{}\u00bb][\/et_pb_image][\/et_pb_column][\/et_pb_row][et_pb_row admin_label=\u00bbT\u00cdTULO AVENTURAS Y GALLETAS\u00bb _builder_version=\u00bb4.27.4&#8243; _module_preset=\u00bbdefault\u00bb global_colors_info=\u00bb{}\u00bb][et_pb_column type=\u00bb4_4&#8243; _builder_version=\u00bb4.27.4&#8243; _module_preset=\u00bbdefault\u00bb global_colors_info=\u00bb{}\u00bb][et_pb_text admin_label=\u00bbText\u00bb _builder_version=\u00bb4.27.4&#8243; _module_preset=\u00bbdefault\u00bb global_colors_info=\u00bb{}\u00bb]<\/p>\n<h4>12. Aventures i galetes<!--EndFragment --><\/h4>\n<p>[\/et_pb_text][\/et_pb_column][\/et_pb_row][et_pb_row column_structure=\u00bb3_4,1_4&#8243; disabled_on=\u00bbon|on|off\u00bb admin_label=\u00bbPODCAST 12&#8243; _builder_version=\u00bb4.27.4&#8243; _module_preset=\u00bbdefault\u00bb global_colors_info=\u00bb{}\u00bb][et_pb_column type=\u00bb3_4&#8243; _builder_version=\u00bb4.27.4&#8243; _module_preset=\u00bbdefault\u00bb global_colors_info=\u00bb{}\u00bb][et_pb_text admin_label=\u00bbAVENTURES I GALETES\u00bb _builder_version=\u00bb4.27.4&#8243; _module_preset=\u00bbdefault\u00bb custom_margin=\u00bb-10px||||false|false\u00bb global_colors_info=\u00bb{}\u00bb]Un podcast perfecto para escuchar en familia. Se trata de una <strong>ficci\u00f3n narrativa de 6 cap\u00edtulos con una protagonista femenina<\/strong>, Griselda Maria, que se sumerge en apasionantes aventuras en torno a <strong>leyendas catalanas<\/strong>. <\/p>\n<p class=\"pf0\"><span class=\"cf0\">\u00a1Puedes extraer tus propias conclusiones y aprendizajes y, adem\u00e1s, cada cap\u00edtulo propone una <strong>receta de galletas para chuparse los dedos<\/strong>!<\/span><\/p>\n<p class=\"pf0\"><span class=\"cf1\">\ud83c\udfa7<\/span><span class=\"cf0\">Disponible en <a href=\"https:\/\/open.spotify.com\/show\/2xim48JQV3YjRMAc21g5Wy\" target=\"_blank\" rel=\"noopener\"><strong>Spotify<\/strong><\/a>, <a href=\"https:\/\/podcasts.apple.com\/es\/podcast\/aventures-i-galetes\/id1661753114\" target=\"_blank\" rel=\"noopener\"><strong>Apple Podcasts<\/strong><\/a> e <a href=\"https:\/\/www.ivoox.com\/podcast-aventures-i-galetes_sq_f11767700_1.html\" target=\"_blank\" rel=\"noopener\"><strong>iVoox<\/strong><\/a>.<!--StartFragment --> Una producci\u00f3n de Kabuts Cultura.<!--EndFragment --><\/span><!--EndFragment --><\/p>\n<p><!--EndFragment -->[\/et_pb_text][\/et_pb_column][et_pb_column type=\u00bb1_4&#8243; _builder_version=\u00bb4.27.4&#8243; _module_preset=\u00bbdefault\u00bb global_colors_info=\u00bb{}\u00bb][et_pb_image src=\u00bbhttps:\/\/cases.fundesplai.org\/wp-content\/uploads\/2025\/12\/aventures-i-galetes.webp\u00bb alt=\u00bbPodcast para escuchar en familia aventuras y galletas\u00bb title_text=\u00bbP\u00f3dcast familia Fundesplai\u00bb align=\u00bbcenter\u00bb _builder_version=\u00bb4.27.4&#8243; _module_preset=\u00bbdefault\u00bb width=\u00bb80%\u00bb max_width=\u00bb65%\u00bb custom_padding=\u00bb20px||||false|false\u00bb global_colors_info=\u00bb{}\u00bb][\/et_pb_image][\/et_pb_column][\/et_pb_row][et_pb_row column_structure=\u00bb3_4,1_4&#8243; disabled_on=\u00bboff|off|on\u00bb admin_label=\u00bbPODCAST 12&#8243; _builder_version=\u00bb4.27.4&#8243; _module_preset=\u00bbdefault\u00bb global_colors_info=\u00bb{}\u00bb][et_pb_column type=\u00bb3_4&#8243; _builder_version=\u00bb4.27.4&#8243; _module_preset=\u00bbdefault\u00bb global_colors_info=\u00bb{}\u00bb][et_pb_text admin_label=\u00bbAVENTURES I GALETES\u00bb _builder_version=\u00bb4.27.4&#8243; _module_preset=\u00bbdefault\u00bb custom_margin=\u00bb-10px||||false|false\u00bb global_colors_info=\u00bb{}\u00bb]Un podcast perfecto para escuchar en familia. Se trata de una <strong>ficci\u00f3n narrativa de 6 cap\u00edtulos con una protagonista femenina<\/strong>, Griselda Maria, que se sumerge en apasionantes aventuras en torno a <strong>leyendas catalanas<\/strong>. <\/p>\n<p class=\"pf0\"><span class=\"cf0\">\u00a1Puedes extraer tus propias conclusiones y aprendizajes y, adem\u00e1s, cada cap\u00edtulo propone una <strong>receta de galletas para chuparse los dedos<\/strong>!<\/span><\/p>\n<p class=\"pf0\"><span class=\"cf1\">\ud83c\udfa7<\/span><span class=\"cf0\">Disponible en <a href=\"https:\/\/open.spotify.com\/show\/2xim48JQV3YjRMAc21g5Wy\" target=\"_blank\" rel=\"noopener\"><strong>Spotify<\/strong><\/a>, <a href=\"https:\/\/podcasts.apple.com\/es\/podcast\/aventures-i-galetes\/id1661753114\" target=\"_blank\" rel=\"noopener\"><strong>Apple Podcasts<\/strong><\/a> e <a href=\"https:\/\/www.ivoox.com\/podcast-aventures-i-galetes_sq_f11767700_1.html\" target=\"_blank\" rel=\"noopener\"><strong>iVoox<\/strong><\/a>.<!--StartFragment --> Una producci\u00f3n de Kabuts Cultura.<!--EndFragment --><\/span><!--EndFragment --><\/p>\n<p><!--EndFragment -->[\/et_pb_text][\/et_pb_column][et_pb_column type=\u00bb1_4&#8243; _builder_version=\u00bb4.27.4&#8243; _module_preset=\u00bbdefault\u00bb global_colors_info=\u00bb{}\u00bb][et_pb_image src=\u00bbhttps:\/\/cases.fundesplai.org\/wp-content\/uploads\/2025\/12\/aventures-i-galetes.webp\u00bb alt=\u00bbPodcast para escuchar en familia aventuras y galletas\u00bb title_text=\u00bbP\u00f3dcast familia Fundesplai\u00bb align=\u00bbcenter\u00bb _builder_version=\u00bb4.27.4&#8243; _module_preset=\u00bbdefault\u00bb width=\u00bb80%\u00bb max_width=\u00bb65%\u00bb custom_padding=\u00bb||||false|false\u00bb global_colors_info=\u00bb{}\u00bb][\/et_pb_image][\/et_pb_column][\/et_pb_row][et_pb_row admin_label=\u00bbT\u00cdTULO CUENTOS TRADICIONALES DE \u00c1FRICA\u00bb _builder_version=\u00bb4.27.4&#8243; _module_preset=\u00bbdefault\u00bb global_colors_info=\u00bb{}\u00bb][et_pb_column type=\u00bb4_4&#8243; _builder_version=\u00bb4.27.4&#8243; _module_preset=\u00bbdefault\u00bb global_colors_info=\u00bb{}\u00bb][et_pb_text admin_label=\u00bbText\u00bb _builder_version=\u00bb4.27.4&#8243; _module_preset=\u00bbdefault\u00bb global_colors_info=\u00bb{}\u00bb]<\/p>\n<h4>13. Contes tradicionals d&#8217;\u00c0frica<!--EndFragment --><\/h4>\n<p>[\/et_pb_text][\/et_pb_column][\/et_pb_row][et_pb_row column_structure=\u00bb3_4,1_4&#8243; admin_label=\u00bbPODCAST 13&#8243; _builder_version=\u00bb4.27.4&#8243; _module_preset=\u00bbdefault\u00bb global_colors_info=\u00bb{}\u00bb][et_pb_column type=\u00bb3_4&#8243; _builder_version=\u00bb4.27.4&#8243; _module_preset=\u00bbdefault\u00bb global_colors_info=\u00bb{}\u00bb][et_pb_text admin_label=\u00bbCONTES D&#8217;\u00c0FRICA\u00bb _builder_version=\u00bb4.27.4&#8243; _module_preset=\u00bbdefault\u00bb custom_margin=\u00bb-10px||||false|false\u00bb global_colors_info=\u00bb{}\u00bb]Este podcast, pensado para <strong>ni\u00f1os y ni\u00f1as mayores de 3 a\u00f1os<\/strong>, te transportar\u00e1 por todo el <strong>continente africano<\/strong>. Un viaje lleno de imaginaci\u00f3n con <strong>cuentos tradicionales<\/strong> transmitidos de generaci\u00f3n en generaci\u00f3n. <\/p>\n<p class=\"pf0\"><span class=\"cf0\">\u00a1Ad\u00e9ntrate en estas historias incre\u00edbles!<\/span><\/p>\n<p class=\"pf0\"><span class=\"cf1\">\ud83c\udfa7<\/span><span class=\"cf0\">Lo puedes escuchar en <a href=\"https:\/\/www.ivoox.com\/podcast-radio-contes_sq_f11456614_1.html\" target=\"_blank\" rel=\"noopener\"><strong>iVoox<\/strong><\/a>, <a href=\"https:\/\/open.spotify.com\/show\/3a3jn7Gy4MucOxhtDA6rX1\" target=\"_blank\" rel=\"noopener\"><strong>Spotify<\/strong> y<\/a> <a href=\"https:\/\/podcasts.apple.com\/es\/podcast\/r%C3%A0dio-contes\/id1604381559\" target=\"_blank\" rel=\"noopener\"><strong>Apple Podcasts<\/strong><\/a>. Una producci\u00f3n de R\u00e0dio Contes.<\/span><\/p>\n<p><!--EndFragment -->[\/et_pb_text][\/et_pb_column][et_pb_column type=\u00bb1_4&#8243; _builder_version=\u00bb4.27.4&#8243; _module_preset=\u00bbdefault\u00bb global_colors_info=\u00bb{}\u00bb][et_pb_image src=\u00bbhttps:\/\/cases.fundesplai.org\/wp-content\/uploads\/2025\/12\/Projecte-nou-5.webp\u00bb alt=\u00bbP\u00f3dcast para escuchar en familia cuentos tradicionales de \u00c1frica\u00bb title_text=\u00bbP\u00f3dcast familia Fundesplai\u00bb align=\u00bbcenter\u00bb _builder_version=\u00bb4.27.4&#8243; _module_preset=\u00bbdefault\u00bb width=\u00bb80%\u00bb max_width=\u00bb65%\u00bb custom_padding=\u00bb||||false|false\u00bb global_colors_info=\u00bb{}\u00bb][\/et_pb_image][\/et_pb_column][\/et_pb_row][et_pb_row admin_label=\u00bbT\u00cdTULO MY FIRST BIG STORY\u00bb _builder_version=\u00bb4.27.4&#8243; _module_preset=\u00bbdefault\u00bb global_colors_info=\u00bb{}\u00bb][et_pb_column type=\u00bb4_4&#8243; _builder_version=\u00bb4.27.4&#8243; _module_preset=\u00bbdefault\u00bb global_colors_info=\u00bb{}\u00bb][et_pb_text admin_label=\u00bbText\u00bb _builder_version=\u00bb4.27.4&#8243; _module_preset=\u00bbdefault\u00bb global_colors_info=\u00bb{}\u00bb]<\/p>\n<h4>14. My first big story<!--EndFragment --><\/h4>\n<p>[\/et_pb_text][\/et_pb_column][\/et_pb_row][et_pb_row column_structure=\u00bb3_4,1_4&#8243; admin_label=\u00bbPODCAST 14&#8243; _builder_version=\u00bb4.27.4&#8243; _module_preset=\u00bbdefault\u00bb global_colors_info=\u00bb{}\u00bb][et_pb_column type=\u00bb3_4&#8243; _builder_version=\u00bb4.27.4&#8243; _module_preset=\u00bbdefault\u00bb global_colors_info=\u00bb{}\u00bb][et_pb_text admin_label=\u00bbMY FIRST BIG STORY\u00bb _builder_version=\u00bb4.27.4&#8243; _module_preset=\u00bbdefault\u00bb custom_margin=\u00bb-10px||||false|false\u00bb global_colors_info=\u00bb{}\u00bb]My first big story es un podcast muy interesante para que tus hijos e hijas <strong>aprendan ingl\u00e9s<\/strong>. Se narran grandes <strong>novelas e historias cl\u00e1sicas<\/strong> de la literatura infantil y juvenil. <\/p>\n<p class=\"pf0\"><span class=\"cf0\">Consta de 15 episodios de 5 minutos cada uno, donde se cuentan las historias <strong>tanto en catal\u00e1n como en ingl\u00e9s<\/strong>.<\/span><\/p>\n<p class=\"pf0\"><span class=\"cf1\">\ud83c\udfa7<\/span><span class=\"cf0\">Esc\u00fachalo en <a href=\"https:\/\/www.3cat.cat\/tv3\/sx3\/my-first-big-story\/\" target=\"_blank\" rel=\"noopener\"><strong>SX3<\/strong><\/a>, <a href=\"https:\/\/open.spotify.com\/show\/5rfTzqDZ0cqvlcv3C0KoFw\" target=\"_blank\" rel=\"noopener\"><strong>Spotify<\/strong><\/a>, <a href=\"https:\/\/podcasts.apple.com\/es\/podcast\/my-first-big-story\/id1747478985\" target=\"_blank\" rel=\"noopener\"><strong>Apple Podcasts<\/strong><\/a>, <a href=\"https:\/\/www.ivoox.com\/podcast-my-first-big-story_sq_f12430410_1.html\" target=\"_blank\" rel=\"noopener\"><strong>iVoox<\/strong><\/a> y <a href=\"https:\/\/music.amazon.com\/es-ar\/podcasts\/127b8e4f-fbf5-4a62-8a3a-b411bf2be6aa\/my-first-big-story\" target=\"_blank\" rel=\"noopener\"><strong>Amazon Music<\/strong><\/a>.<\/span><!--EndFragment --><\/p>\n<p>[\/et_pb_text][\/et_pb_column][et_pb_column type=\u00bb1_4&#8243; _builder_version=\u00bb4.27.4&#8243; _module_preset=\u00bbdefault\u00bb global_colors_info=\u00bb{}\u00bb][et_pb_image src=\u00bbhttps:\/\/cases.fundesplai.org\/wp-content\/uploads\/2025\/12\/my-first-big-story.webp\u00bb alt=\u00bbPodcast para escuchar en familia en ingl\u00e9s my fisrt big story\u00bb title_text=\u00bbP\u00f3dcast familia Fundesplai\u00bb align=\u00bbcenter\u00bb _builder_version=\u00bb4.27.4&#8243; _module_preset=\u00bbdefault\u00bb width=\u00bb80%\u00bb max_width=\u00bb65%\u00bb custom_margin=\u00bb||||false|false\u00bb custom_padding=\u00bb||||false|false\u00bb global_colors_info=\u00bb{}\u00bb][\/et_pb_image][\/et_pb_column][\/et_pb_row][et_pb_row admin_label=\u00bbT\u00cdTULO LA HORA DEL PATIO\u00bb _builder_version=\u00bb4.27.4&#8243; _module_preset=\u00bbdefault\u00bb global_colors_info=\u00bb{}\u00bb][et_pb_column type=\u00bb4_4&#8243; _builder_version=\u00bb4.27.4&#8243; _module_preset=\u00bbdefault\u00bb global_colors_info=\u00bb{}\u00bb][et_pb_text admin_label=\u00bbText\u00bb _builder_version=\u00bb4.27.4&#8243; _module_preset=\u00bbdefault\u00bb global_colors_info=\u00bb{}\u00bb]<\/p>\n<h4>15. L\u00b4hora del pati<!--EndFragment --><\/h4>\n<p>[\/et_pb_text][\/et_pb_column][\/et_pb_row][et_pb_row column_structure=\u00bb3_4,1_4&#8243; disabled_on=\u00bbon|on|off\u00bb admin_label=\u00bbPODCAST 15&#8243; _builder_version=\u00bb4.27.4&#8243; _module_preset=\u00bbdefault\u00bb global_colors_info=\u00bb{}\u00bb][et_pb_column type=\u00bb3_4&#8243; _builder_version=\u00bb4.27.4&#8243; _module_preset=\u00bbdefault\u00bb global_colors_info=\u00bb{}\u00bb][et_pb_text admin_label=\u00bbL&#8217;HORA DEL PATI\u00bb _builder_version=\u00bb4.27.4&#8243; _module_preset=\u00bbdefault\u00bb custom_margin=\u00bb-10px||||false|false\u00bb global_colors_info=\u00bb{}\u00bb]Este podcast, pensado para el <strong>p\u00fablico adolescente<\/strong>, propone <strong>debates sobre temas presentes<\/strong> en su d\u00eda a d\u00eda como el amor, la presi\u00f3n est\u00e9tica, el acoso, el uso del catal\u00e1n o la adicci\u00f3n al m\u00f3vil.<\/p>\n<p class=\"pf0\"><span class=\"cf0\">Cuatro estudiantes de secundaria son las personas protagonistas, que se enfrentan a preguntas que no siempre son sencillas. Un <strong>espacio que da voz a la juventud y que invita a la reflexi\u00f3n en familia<\/strong> . <\/span><\/p>\n<p class=\"pf0\"><span class=\"cf1\">\ud83c\udfa7<\/span><span class=\"cf0\">Disponible en <a href=\"https:\/\/laxarxames.cat\/album-details\/4410051\" target=\"_blank\" rel=\"noopener\"><strong>La Xarxa+<\/strong><\/a>. Una producci\u00f3n de BCN Media Hub.<\/span><\/p>\n<p><!--EndFragment -->[\/et_pb_text][\/et_pb_column][et_pb_column type=\u00bb1_4&#8243; _builder_version=\u00bb4.27.4&#8243; _module_preset=\u00bbdefault\u00bb global_colors_info=\u00bb{}\u00bb][et_pb_image src=\u00bbhttps:\/\/cases.fundesplai.org\/wp-content\/uploads\/2025\/12\/lhora-del-pati.webp\u00bb alt=\u00bbP\u00f3dcast para escuchar en familia por adolescentes, la hora del patio\u00bb title_text=\u00bbP\u00f3dcast familia Fundesplai\u00bb align=\u00bbcenter\u00bb _builder_version=\u00bb4.27.4&#8243; _module_preset=\u00bbdefault\u00bb width=\u00bb80%\u00bb max_width=\u00bb65%\u00bb custom_padding=\u00bb20px||||false|false\u00bb global_colors_info=\u00bb{}\u00bb][\/et_pb_image][\/et_pb_column][\/et_pb_row][et_pb_row column_structure=\u00bb3_4,1_4&#8243; disabled_on=\u00bboff|off|on\u00bb admin_label=\u00bbPODCAST 15&#8243; _builder_version=\u00bb4.27.4&#8243; _module_preset=\u00bbdefault\u00bb global_colors_info=\u00bb{}\u00bb][et_pb_column type=\u00bb3_4&#8243; _builder_version=\u00bb4.27.4&#8243; _module_preset=\u00bbdefault\u00bb global_colors_info=\u00bb{}\u00bb][et_pb_text admin_label=\u00bbL&#8217;HORA DEL PATI\u00bb _builder_version=\u00bb4.27.4&#8243; _module_preset=\u00bbdefault\u00bb custom_margin=\u00bb-10px||||false|false\u00bb global_colors_info=\u00bb{}\u00bb]Este podcast, pensado para el <strong>p\u00fablico adolescente<\/strong>, propone <strong>debates sobre temas presentes<\/strong> en su d\u00eda a d\u00eda como el amor, la presi\u00f3n est\u00e9tica, el acoso, el uso del catal\u00e1n o la adicci\u00f3n al m\u00f3vil.<\/p>\n<p class=\"pf0\"><span class=\"cf0\">Cuatro estudiantes de secundaria son las personas protagonistas, que se enfrentan a preguntas que no siempre son sencillas. Un <strong>espacio que da voz a la juventud y que invita a la reflexi\u00f3n en familia<\/strong> . <\/span><\/p>\n<p class=\"pf0\"><span class=\"cf1\">\ud83c\udfa7<\/span><span class=\"cf0\">Disponible en <a href=\"https:\/\/laxarxames.cat\/album-details\/4410051\" target=\"_blank\" rel=\"noopener\"><strong>La Xarxa+<\/strong><\/a>. Una producci\u00f3n de BCN Media Hub.<\/span><\/p>\n<p><!--EndFragment -->[\/et_pb_text][\/et_pb_column][et_pb_column type=\u00bb1_4&#8243; _builder_version=\u00bb4.27.4&#8243; _module_preset=\u00bbdefault\u00bb global_colors_info=\u00bb{}\u00bb][et_pb_image src=\u00bbhttps:\/\/cases.fundesplai.org\/wp-content\/uploads\/2025\/12\/lhora-del-pati.webp\u00bb alt=\u00bbP\u00f3dcast para escuchar en familia por adolescentes, la hora del patio\u00bb title_text=\u00bbP\u00f3dcast familia Fundesplai\u00bb align=\u00bbcenter\u00bb _builder_version=\u00bb4.27.4&#8243; _module_preset=\u00bbdefault\u00bb width=\u00bb80%\u00bb max_width=\u00bb65%\u00bb custom_padding=\u00bb||||false|false\u00bb global_colors_info=\u00bb{}\u00bb][\/et_pb_image][\/et_pb_column][\/et_pb_row][et_pb_row admin_label=\u00bbT\u00cdTULO HES CIENCIA\u00bb _builder_version=\u00bb4.27.4&#8243; _module_preset=\u00bbdefault\u00bb global_colors_info=\u00bb{}\u00bb][et_pb_column type=\u00bb4_4&#8243; _builder_version=\u00bb4.27.4&#8243; _module_preset=\u00bbdefault\u00bb global_colors_info=\u00bb{}\u00bb][et_pb_text admin_label=\u00bbText\u00bb _builder_version=\u00bb4.27.4&#8243; _module_preset=\u00bbdefault\u00bb global_colors_info=\u00bb{}\u00bb]<\/p>\n<h4>16. Heus aqu\u00ed&#8230; la ci\u00e8ncia<!--EndFragment --><\/h4>\n<p>[\/et_pb_text][\/et_pb_column][\/et_pb_row][et_pb_row column_structure=\u00bb3_4,1_4&#8243; disabled_on=\u00bboff|off|off\u00bb admin_label=\u00bbPODCAST 16&#8243; _builder_version=\u00bb4.27.4&#8243; _module_preset=\u00bbdefault\u00bb global_colors_info=\u00bb{}\u00bb][et_pb_column type=\u00bb3_4&#8243; _builder_version=\u00bb4.27.4&#8243; _module_preset=\u00bbdefault\u00bb global_colors_info=\u00bb{}\u00bb][et_pb_text admin_label=\u00bbHEUS CI\u00c8NCIA\u00bb _builder_version=\u00bb4.27.4&#8243; _module_preset=\u00bbdefault\u00bb custom_margin=\u00bb-10px||||false|false\u00bb hover_enabled=\u00bb0&#8243; global_colors_info=\u00bb{}\u00bb sticky_enabled=\u00bb0&#8243;]<\/p>\n<p>\u00bfTienes curiosidad por saber qu\u00e9 retos e historias hay detr\u00e1s de los <strong>descubrimientos cient\u00edficos<\/strong>?<\/p>\n<p class=\"pf0\"><span class=\"cf0\">En estos podcasts encontrar\u00e1s <strong>6 cuentos protagonizados por personas curiosas con muchas preguntas<\/strong>, y que, a trav\u00e9s de la ciencia buscan <strong>respuestas para comprender el mundo<\/strong> que nos rodea. <\/span><\/p>\n<p class=\"pf0\"><span class=\"cf1\">\ud83c\udfa7<\/span><span class=\"cf0\"> Puedes escucharlo en <strong><a href=\"https:\/\/www.ivoox.com\/podcast-heus-aqui-ciencia_sq_f12485364_1.html\" target=\"_blank\" rel=\"noopener\">iVoox<\/a><\/strong>, <strong><a href=\"https:\/\/open.spotify.com\/episode\/0cjm1KWnn35GTZgxkqRL49\" target=\"_blank\" rel=\"noopener\">Spotify<\/a><\/strong>, <strong><a href=\"https:\/\/podcastaddict.com\/podcast\/heus-aqui-la-ciencia\/6541567\" target=\"_blank\" rel=\"noopener\">Podcast Addict<\/a><\/strong> y <a href=\"https:\/\/podcasts.apple.com\/us\/podcast\/heus-aqu%C3%AD-la-ci%C3%A8ncia-dibuixada\/id1779521431?i=1000676819102\" target=\"_blank\" rel=\"noopener\"><strong>Apple Podcasts<\/strong><\/a>. <\/span><\/p>\n<p><!--EndFragment --><\/p>\n<p>[\/et_pb_text][\/et_pb_column][et_pb_column type=\u00bb1_4&#8243; _builder_version=\u00bb4.27.4&#8243; _module_preset=\u00bbdefault\u00bb global_colors_info=\u00bb{}\u00bb][et_pb_image src=\u00bbhttps:\/\/cases.fundesplai.org\/wp-content\/uploads\/2025\/12\/heus-ciencia.webp\u00bb alt=\u00bbpodcast infantil para escuchar en familia he aqu\u00ed&#8230; la ciencia\u00bb title_text=\u00bbP\u00f3dcast familia Fundesplai\u00bb align=\u00bbcenter\u00bb _builder_version=\u00bb4.27.4&#8243; _module_preset=\u00bbdefault\u00bb width=\u00bb80%\u00bb max_width=\u00bb65%\u00bb custom_margin=\u00bb||||false|false\u00bb custom_padding=\u00bb||||false|false\u00bb global_colors_info=\u00bb{}\u00bb][\/et_pb_image][\/et_pb_column][\/et_pb_row][et_pb_row admin_label=\u00bbT\u00cdTULO MANDARINAS\u00bb _builder_version=\u00bb4.27.4&#8243; _module_preset=\u00bbdefault\u00bb global_colors_info=\u00bb{}\u00bb][et_pb_column type=\u00bb4_4&#8243; _builder_version=\u00bb4.27.4&#8243; _module_preset=\u00bbdefault\u00bb global_colors_info=\u00bb{}\u00bb][et_pb_text admin_label=\u00bbText\u00bb _builder_version=\u00bb4.27.4&#8243; _module_preset=\u00bbdefault\u00bb global_colors_info=\u00bb{}\u00bb]<\/p>\n<h4>17. Mandarines a les ones<!--EndFragment --><\/h4>\n<p>[\/et_pb_text][\/et_pb_column][\/et_pb_row][et_pb_row column_structure=\u00bb3_4,1_4&#8243; disabled_on=\u00bbon|on|off\u00bb admin_label=\u00bbPODCAST 16&#8243; _builder_version=\u00bb4.27.4&#8243; _module_preset=\u00bbdefault\u00bb global_colors_info=\u00bb{}\u00bb][et_pb_column type=\u00bb3_4&#8243; _builder_version=\u00bb4.27.4&#8243; _module_preset=\u00bbdefault\u00bb global_colors_info=\u00bb{}\u00bb][et_pb_text admin_label=\u00bbMANDARINES\u00bb _builder_version=\u00bb4.27.4&#8243; _module_preset=\u00bbdefault\u00bb custom_margin=\u00bb-10px||||false|false\u00bb global_colors_info=\u00bb{}\u00bb]\u00bfBuscas un podcast sobre <strong>ciencia<\/strong> hecho por y para la juventud, con una <strong>mirada feminista<\/strong> ?<\/p>\n<p class=\"pf0\"><span class=\"cf1\">Un grupo de personas j\u00f3venes y adolescentes se re\u00fanen mensualmente para crear y grabar cada episodio, donde se abordan <strong>tem\u00e1ticas diversas y relevantes con curiosidad y esp\u00edritu cr\u00edtico<\/strong>. Puedes saber m\u00e1s sobre la procesionaria, el impacto de la actividad humana en el mundo animal, los ot\u00f3litos, las causas y consecuencias de los incendios, los efectos de la emergencia clim\u00e1tica y muchos otros temas.  <\/span><\/p>\n<p class=\"pf0\"><span class=\"cf1\">Un podcast hecho para hacerte pensar y debatir en familia. Una producci\u00f3n de La Mandarina de Newton.  <\/span><\/p>\n<p class=\"pf0\"><span class=\"cf2\">\ud83c\udfa7<\/span> <span class=\"cf0\">Disponible en <a href=\"https:\/\/open.spotify.com\/show\/0m3dP9zH00bzqpEAtSP0nu\" target=\"_blank\" rel=\"noopener\"><strong>Spotify<\/strong><\/a>.<\/span> <\/p>\n<p><!--EndFragment -->[\/et_pb_text][\/et_pb_column][et_pb_column type=\u00bb1_4&#8243; _builder_version=\u00bb4.27.4&#8243; _module_preset=\u00bbdefault\u00bb global_colors_info=\u00bb{}\u00bb][et_pb_image src=\u00bbhttps:\/\/cases.fundesplai.org\/wp-content\/uploads\/2025\/12\/podcast-familia-fundesplai-2.webp\u00bb alt=\u00bbpodcast infantil para escuchar en familia mandarinas en las ondas\u00bb title_text=\u00bbmandarinas en las ondas Fundesplai\u00bb align=\u00bbcenter\u00bb _builder_version=\u00bb4.27.4&#8243; _module_preset=\u00bbdefault\u00bb width=\u00bb80%\u00bb max_width=\u00bb65%\u00bb custom_margin=\u00bb40px||||false|false\u00bb custom_padding=\u00bb||||false|false\u00bb global_colors_info=\u00bb{}\u00bb][\/et_pb_image][\/et_pb_column][\/et_pb_row][et_pb_row column_structure=\u00bb3_4,1_4&#8243; disabled_on=\u00bboff|off|on\u00bb admin_label=\u00bbPODCAST 16&#8243; _builder_version=\u00bb4.27.4&#8243; _module_preset=\u00bbdefault\u00bb global_colors_info=\u00bb{}\u00bb][et_pb_column type=\u00bb3_4&#8243; _builder_version=\u00bb4.27.4&#8243; _module_preset=\u00bbdefault\u00bb global_colors_info=\u00bb{}\u00bb][et_pb_text admin_label=\u00bbMANDARINES\u00bb _builder_version=\u00bb4.27.4&#8243; _module_preset=\u00bbdefault\u00bb custom_margin=\u00bb-10px||||false|false\u00bb global_colors_info=\u00bb{}\u00bb]\u00bfBuscas un podcast sobre <strong>ciencia<\/strong> hecho por y para la juventud, con una <strong>mirada feminista<\/strong> ?<\/p>\n<p class=\"pf0\"><span class=\"cf1\">Un grupo de personas j\u00f3venes y adolescentes se re\u00fanen mensualmente para crear y grabar cada episodio, donde se abordan <strong>tem\u00e1ticas diversas y relevantes con curiosidad y esp\u00edritu cr\u00edtico<\/strong>. Puedes saber m\u00e1s sobre la procesionaria, el impacto de la actividad humana en el mundo animal, los ot\u00f3litos, las causas y consecuencias de los incendios, los efectos de la emergencia clim\u00e1tica y muchos otros temas.  <\/span><\/p>\n<p class=\"pf0\"><span class=\"cf1\">Un podcast hecho para hacerte pensar y debatir en familia. Una producci\u00f3n de La Mandarina de Newton.  <\/span><\/p>\n<p class=\"pf0\"><span class=\"cf2\">\ud83c\udfa7<\/span> <span class=\"cf0\">Disponible en <a href=\"https:\/\/open.spotify.com\/show\/0m3dP9zH00bzqpEAtSP0nu\" target=\"_blank\" rel=\"noopener\"><strong>Spotify<\/strong><\/a>.<\/span> <\/p>\n<p><!--EndFragment -->[\/et_pb_text][\/et_pb_column][et_pb_column type=\u00bb1_4&#8243; _builder_version=\u00bb4.27.4&#8243; _module_preset=\u00bbdefault\u00bb global_colors_info=\u00bb{}\u00bb][et_pb_image src=\u00bbhttps:\/\/cases.fundesplai.org\/wp-content\/uploads\/2025\/12\/podcast-familia-fundesplai-2.webp\u00bb alt=\u00bbpodcast infantil para escuchar en familia mandarinas en las ondas\u00bb title_text=\u00bbmandarinas en las ondas Fundesplai\u00bb align=\u00bbcenter\u00bb _builder_version=\u00bb4.27.4&#8243; _module_preset=\u00bbdefault\u00bb width=\u00bb80%\u00bb max_width=\u00bb65%\u00bb custom_margin=\u00bb||||false|false\u00bb custom_padding=\u00bb||||false|false\u00bb global_colors_info=\u00bb{}\u00bb][\/et_pb_image][\/et_pb_column][\/et_pb_row][et_pb_row admin_label=\u00bbT\u00cdTULO POCO CASO\u00bb _builder_version=\u00bb4.27.4&#8243; _module_preset=\u00bbdefault\u00bb global_colors_info=\u00bb{}\u00bb][et_pb_column type=\u00bb4_4&#8243; _builder_version=\u00bb4.27.4&#8243; _module_preset=\u00bbdefault\u00bb global_colors_info=\u00bb{}\u00bb][et_pb_text admin_label=\u00bbText\u00bb _builder_version=\u00bb4.27.4&#8243; _module_preset=\u00bbdefault\u00bb global_colors_info=\u00bb{}\u00bb]<\/p>\n<h4>18. Poc cas<!--EndFragment --><\/h4>\n<p>[\/et_pb_text][\/et_pb_column][\/et_pb_row][et_pb_row column_structure=\u00bb3_4,1_4&#8243; disabled_on=\u00bbon|on|off\u00bb admin_label=\u00bbPODCASTO 18&#8243; _builder_version=\u00bb4.27.4&#8243; _module_preset=\u00bbdefault\u00bb global_colors_info=\u00bb{}\u00bb][et_pb_column type=\u00bb3_4&#8243; _builder_version=\u00bb4.27.4&#8243; _module_preset=\u00bbdefault\u00bb global_colors_info=\u00bb{}\u00bb][et_pb_text admin_label=\u00bbPOC CAS\u00bb _builder_version=\u00bb4.27.4&#8243; _module_preset=\u00bbdefault\u00bb custom_margin=\u00bb-10px||||false|false\u00bb global_colors_info=\u00bb{}\u00bb]Aunque no es un podcast pensado directamente para el p\u00fablico infantil, hemos querido incluirlo porque puede ser una <strong>fuente de inspiraci\u00f3n<\/strong> tanto para adolescentes como para las familias que buscan <strong>nuevas ideas y recursos l\u00fadicos para compartir<\/strong>.<\/p>\n<p class=\"pf0\"><span class=\"cf0\">Producido por VilaWeb, es un espacio dedicado a la <strong>literatura infantil y juvenil<\/strong> en el que, a partir de un tema o lema, se recomiendan un mont\u00f3n de libros apasionantes que despiertan la curiosidad.<\/span><\/p>\n<p class=\"pf0\"><strong><span class=\"cf0\">\u00a1Descubre nuevas lecturas y disfruta de la literatura en familia!<\/span><\/strong><!--EndFragment --><\/p>\n<p class=\"pf0\"><span class=\"cf1\">\ud83c\udfa7<\/span><span class=\"cf0\">Esc\u00fachalo en <a href=\"https:\/\/open.spotify.com\/show\/2FYBE34qL0x0ByOP9C8VyC\" target=\"_blank\" rel=\"noopener\"><strong>Spotify<\/strong><\/a>, <a href=\"https:\/\/podcasts.apple.com\/es\/podcast\/poc-cas\/id1718975921\" target=\"_blank\" rel=\"noopener\"><strong>Apple Podcasts<\/strong><\/a>, <a href=\"https:\/\/www.youtube.com\/playlist?list=PLySIyPdiZeiwTTiRqo9aQttaIE7sAWVPc\" target=\"_blank\" rel=\"noopener\"><strong>YouTube<\/strong><\/a> y <a href=\"https:\/\/www.vilaweb.cat\/podcasts\/poc-cas\/\" target=\"_blank\" rel=\"noopener\"><strong>VilaWeb<\/strong><\/a>.<\/span><\/p>\n<p><!--EndFragment -->[\/et_pb_text][\/et_pb_column][et_pb_column type=\u00bb1_4&#8243; _builder_version=\u00bb4.27.4&#8243; _module_preset=\u00bbdefault\u00bb global_colors_info=\u00bb{}\u00bb][et_pb_image src=\u00bbhttps:\/\/cases.fundesplai.org\/wp-content\/uploads\/2025\/12\/poc-cas.webp\u00bb alt=\u00bbP\u00f3dcast para escuchar en familia sobre literatura infantil y juvenil, poco caso\u00bb title_text=\u00bbP\u00f3dcast familia Fundesplai\u00bb align=\u00bbcenter\u00bb _builder_version=\u00bb4.27.4&#8243; _module_preset=\u00bbdefault\u00bb width=\u00bb80%\u00bb max_width=\u00bb65%\u00bb custom_margin=\u00bb55px||||false|false\u00bb custom_padding=\u00bb||||false|false\u00bb global_colors_info=\u00bb{}\u00bb][\/et_pb_image][\/et_pb_column][\/et_pb_row][et_pb_row column_structure=\u00bb3_4,1_4&#8243; disabled_on=\u00bboff|off|on\u00bb admin_label=\u00bbPODCASTO 18&#8243; _builder_version=\u00bb4.27.4&#8243; _module_preset=\u00bbdefault\u00bb global_colors_info=\u00bb{}\u00bb][et_pb_column type=\u00bb3_4&#8243; _builder_version=\u00bb4.27.4&#8243; _module_preset=\u00bbdefault\u00bb global_colors_info=\u00bb{}\u00bb][et_pb_text admin_label=\u00bbPOC CAS\u00bb _builder_version=\u00bb4.27.4&#8243; _module_preset=\u00bbdefault\u00bb custom_margin=\u00bb-10px||||false|false\u00bb global_colors_info=\u00bb{}\u00bb]Aunque no es un podcast pensado directamente para el p\u00fablico infantil, hemos querido incluirlo porque puede ser una <strong>fuente de inspiraci\u00f3n<\/strong> tanto para adolescentes como para las familias que buscan <strong>nuevas ideas y recursos l\u00fadicos para compartir<\/strong>.<\/p>\n<p class=\"pf0\"><span class=\"cf0\">Producido por VilaWeb, es un espacio dedicado a la <strong>literatura infantil y juvenil<\/strong> en el que, a partir de un tema o lema, se recomiendan un mont\u00f3n de libros apasionantes que despiertan la curiosidad.<\/span><\/p>\n<p class=\"pf0\"><strong><span class=\"cf0\">\u00a1Descubre nuevas lecturas y disfruta de la literatura en familia!<\/span><\/strong><\/p>\n<p class=\"pf0\"><span class=\"cf1\">\ud83c\udfa7<\/span><span class=\"cf0\">Esc\u00fachalo en <a href=\"https:\/\/open.spotify.com\/show\/2FYBE34qL0x0ByOP9C8VyC\" target=\"_blank\" rel=\"noopener\"><strong>Spotify<\/strong><\/a>, <a href=\"https:\/\/podcasts.apple.com\/es\/podcast\/poc-cas\/id1718975921\" target=\"_blank\" rel=\"noopener\"><strong>Apple Podcasts<\/strong><\/a>, <a href=\"https:\/\/www.youtube.com\/playlist?list=PLySIyPdiZeiwTTiRqo9aQttaIE7sAWVPc\" target=\"_blank\" rel=\"noopener\"><strong>YouTube<\/strong><\/a> y <a href=\"https:\/\/www.vilaweb.cat\/podcasts\/poc-cas\/\" target=\"_blank\" rel=\"noopener\"><strong>VilaWeb<\/strong><\/a>.<\/span><\/p>\n<p><!--EndFragment -->[\/et_pb_text][\/et_pb_column][et_pb_column type=\u00bb1_4&#8243; _builder_version=\u00bb4.27.4&#8243; _module_preset=\u00bbdefault\u00bb global_colors_info=\u00bb{}\u00bb][et_pb_image src=\u00bbhttps:\/\/cases.fundesplai.org\/wp-content\/uploads\/2025\/12\/poc-cas.webp\u00bb alt=\u00bbP\u00f3dcast para escuchar en familia sobre literatura infantil y juvenil, poco caso\u00bb title_text=\u00bbP\u00f3dcast familia Fundesplai\u00bb align=\u00bbcenter\u00bb _builder_version=\u00bb4.27.4&#8243; _module_preset=\u00bbdefault\u00bb width=\u00bb80%\u00bb max_width=\u00bb65%\u00bb custom_margin=\u00bb||||false|false\u00bb custom_padding=\u00bb||14px||false|false\u00bb global_colors_info=\u00bb{}\u00bb][\/et_pb_image][\/et_pb_column][\/et_pb_row][et_pb_row admin_label=\u00bbLISTADO PODCASTS CASTELLANO\u00bb _builder_version=\u00bb4.27.4&#8243; _module_preset=\u00bbdefault\u00bb global_colors_info=\u00bb{}\u00bb][et_pb_column type=\u00bb4_4&#8243; _builder_version=\u00bb4.27.4&#8243; _module_preset=\u00bbdefault\u00bb global_colors_info=\u00bb{}\u00bb][et_pb_divider _builder_version=\u00bb4.27.4&#8243; _module_preset=\u00bbdefault\u00bb global_colors_info=\u00bb{}\u00bb][\/et_pb_divider][et_pb_text admin_label=\u00bbT\u00edtol\u00bb module_id=\u00bbcastella\u00bb _builder_version=\u00bb4.27.4&#8243; _module_preset=\u00bbdefault\u00bb custom_margin=\u00bb-28px||||false|false\u00bb global_colors_info=\u00bb{}\u00bb]<\/p>\n<h3 style=\"text-align: center;\"><i class=\"fa-solid fa-podcast\"><\/i> Podcasts infantiles en castellano<!--StartFragment --><\/h3>\n<p><!--EndFragment --><\/p>\n<p>[\/et_pb_text][et_pb_divider _builder_version=\u00bb4.27.4&#8243; _module_preset=\u00bbdefault\u00bb global_colors_info=\u00bb{}\u00bb][\/et_pb_divider][\/et_pb_column][\/et_pb_row][et_pb_row admin_label=\u00bbT\u00cdTULO LA LUPA S\u00d3NICA\u00bb _builder_version=\u00bb4.27.4&#8243; _module_preset=\u00bbdefault\u00bb global_colors_info=\u00bb{}\u00bb][et_pb_column type=\u00bb4_4&#8243; _builder_version=\u00bb4.27.4&#8243; _module_preset=\u00bbdefault\u00bb global_colors_info=\u00bb{}\u00bb][et_pb_text admin_label=\u00bbText\u00bb _builder_version=\u00bb4.27.4&#8243; _module_preset=\u00bbdefault\u00bb global_colors_info=\u00bb{}\u00bb]<\/p>\n<h4>19. La lupa s\u00f3nica<!--EndFragment --><\/h4>\n<p>[\/et_pb_text][\/et_pb_column][\/et_pb_row][et_pb_row column_structure=\u00bb3_4,1_4&#8243; disabled_on=\u00bbon|on|off\u00bb admin_label=\u00bbPODCAST 19&#8243; _builder_version=\u00bb4.27.4&#8243; _module_preset=\u00bbdefault\u00bb global_colors_info=\u00bb{}\u00bb][et_pb_column type=\u00bb3_4&#8243; _builder_version=\u00bb4.27.4&#8243; _module_preset=\u00bbdefault\u00bb global_colors_info=\u00bb{}\u00bb][et_pb_text admin_label=\u00bbLUPA S\u00d3NICA\u00bb _builder_version=\u00bb4.27.4&#8243; _module_preset=\u00bbdefault\u00bb custom_margin=\u00bb-10px||||false|false\u00bb global_colors_info=\u00bb{}\u00bb]<\/p>\n<p>Este podcast en castellano <strong>tiene como objetivo explicar la ciencia de una manera divertida y curiosa<\/strong>. Las cient\u00edficas Xaviera Torres y Maite P\u00e9rez te guiar\u00e1n a trav\u00e9s de emocionantes aventuras, respondiendo a preguntas sorprendentes y fascinantes. <\/p>\n<p class=\"pf0\"><span class=\"cf1\">Los m\u00e1s peque\u00f1os y peque\u00f1as aprender\u00e1n por qu\u00e9 dormimos, lo profundo que es el oc\u00e9ano, c\u00f3mo se descubrieron las vacunas, qu\u00e9 vemos en la luna, c\u00f3mo es el reino de las setas, c\u00f3mo se forma una tormenta, etc. <strong>Cuestiones que<\/strong>, en muchas ocasiones, <strong>los adultos no sabemos qu\u00e9 responder de primeras<\/strong> cuando los ni\u00f1os y ni\u00f1as nos preguntan. <\/span><\/p>\n<p class=\"pf0\"><span class=\"cf1\">En su web tambi\u00e9n encontrar\u00e1s <strong>enlaces y materiales complementarios<\/strong> para continuar explorando los temas de cada episodio. \u00a1Un aut\u00e9ntico viaje sonoro para disfrutar en familia!  <\/span><\/p>\n<p class=\"pf0\"><span class=\"cf2\">\ud83c\udfa7<\/span><span class=\"cf0\">Esc\u00fachalo en <a href=\"https:\/\/open.spotify.com\/show\/7G66XqHftcZqojtYVDSfBQ\" target=\"_blank\" rel=\"noopener\"><strong>Spotify<\/strong><\/a>, <a href=\"https:\/\/podcasts.apple.com\/es\/podcast\/la-lupa-s%C3%B3nica\/id1564011903\" target=\"_blank\" rel=\"noopener\"><strong>Apple Podcasts<\/strong><\/a>, <a href=\"https:\/\/www.ivoox.com\/podcast-lupa-sonica_sq_f11241141_1.html\" target=\"_blank\" rel=\"noopener\"><strong>iVoox<\/strong><\/a> y <a href=\"https:\/\/www.youtube.com\/channel\/UCk2D99CdfQfA2gi-kQvCX3A\" target=\"_blank\" rel=\"noopener\"><strong>YouTube<\/strong><\/a>. <\/span><\/p>\n<p><!--EndFragment --><\/p>\n<p>[\/et_pb_text][\/et_pb_column][et_pb_column type=\u00bb1_4&#8243; _builder_version=\u00bb4.27.4&#8243; _module_preset=\u00bbdefault\u00bb global_colors_info=\u00bb{}\u00bb][et_pb_image src=\u00bbhttps:\/\/cases.fundesplai.org\/wp-content\/uploads\/2025\/12\/La-lupa-sonica-Fundesplai.webp\u00bb alt=\u00bbpodcast infantil para escuchar en familia la lupa s\u00f3nica\u00bb title_text=\u00bbLa lupa sonica Fundesplai\u00bb align=\u00bbcenter\u00bb _builder_version=\u00bb4.27.4&#8243; _module_preset=\u00bbdefault\u00bb width=\u00bb80%\u00bb max_width=\u00bb65%\u00bb custom_margin=\u00bb65px||||false|false\u00bb custom_padding=\u00bb||||false|false\u00bb global_colors_info=\u00bb{}\u00bb][\/et_pb_image][\/et_pb_column][\/et_pb_row][et_pb_row column_structure=\u00bb3_4,1_4&#8243; disabled_on=\u00bboff|off|on\u00bb admin_label=\u00bbPODCAST 19&#8243; _builder_version=\u00bb4.27.4&#8243; _module_preset=\u00bbdefault\u00bb global_colors_info=\u00bb{}\u00bb][et_pb_column type=\u00bb3_4&#8243; _builder_version=\u00bb4.27.4&#8243; _module_preset=\u00bbdefault\u00bb global_colors_info=\u00bb{}\u00bb][et_pb_text admin_label=\u00bbLUPA S\u00d3NICA\u00bb _builder_version=\u00bb4.27.4&#8243; _module_preset=\u00bbdefault\u00bb custom_margin=\u00bb-10px||||false|false\u00bb global_colors_info=\u00bb{}\u00bb]<\/p>\n<p>Este podcast en castellano <strong>tiene como objetivo explicar la ciencia de una manera divertida y curiosa<\/strong>. Las cient\u00edficas Xaviera Torres y Maite P\u00e9rez te guiar\u00e1n a trav\u00e9s de emocionantes aventuras, respondiendo a preguntas sorprendentes y fascinantes. <\/p>\n<p class=\"pf0\"><span class=\"cf1\">Los m\u00e1s peque\u00f1os y peque\u00f1as aprender\u00e1n por qu\u00e9 dormimos, lo profundo que es el oc\u00e9ano, c\u00f3mo se descubrieron las vacunas, qu\u00e9 vemos en la luna, c\u00f3mo es el reino de las setas, c\u00f3mo se forma una tormenta, etc. <strong>Cuestiones que<\/strong>, en muchas ocasiones, <strong>los adultos no sabemos qu\u00e9 responder de primeras<\/strong> cuando los ni\u00f1os y ni\u00f1as nos preguntan. <\/span><\/p>\n<p class=\"pf0\"><span class=\"cf1\">En su web tambi\u00e9n encontrar\u00e1s <strong>enlaces y materiales complementarios<\/strong> para continuar explorando los temas de cada episodio. \u00a1Un aut\u00e9ntico viaje sonoro para disfrutar en familia!  <\/span><\/p>\n<p class=\"pf0\"><span class=\"cf2\">\ud83c\udfa7<\/span><span class=\"cf0\">Esc\u00fachalo en <a href=\"https:\/\/open.spotify.com\/show\/7G66XqHftcZqojtYVDSfBQ\" target=\"_blank\" rel=\"noopener\"><strong>Spotify<\/strong><\/a>, <a href=\"https:\/\/podcasts.apple.com\/es\/podcast\/la-lupa-s%C3%B3nica\/id1564011903\" target=\"_blank\" rel=\"noopener\"><strong>Apple Podcasts<\/strong><\/a>, <a href=\"https:\/\/www.ivoox.com\/podcast-lupa-sonica_sq_f11241141_1.html\" target=\"_blank\" rel=\"noopener\"><strong>iVoox<\/strong><\/a> y <a href=\"https:\/\/www.youtube.com\/channel\/UCk2D99CdfQfA2gi-kQvCX3A\" target=\"_blank\" rel=\"noopener\"><strong>YouTube<\/strong><\/a>. <\/span><\/p>\n<p><!--EndFragment --><\/p>\n<p>[\/et_pb_text][\/et_pb_column][et_pb_column type=\u00bb1_4&#8243; _builder_version=\u00bb4.27.4&#8243; _module_preset=\u00bbdefault\u00bb global_colors_info=\u00bb{}\u00bb][et_pb_image src=\u00bbhttps:\/\/cases.fundesplai.org\/wp-content\/uploads\/2025\/12\/La-lupa-sonica-Fundesplai.webp\u00bb alt=\u00bbpodcast infantil para escuchar en familia la lupa s\u00f3nica\u00bb title_text=\u00bbLa lupa sonica Fundesplai\u00bb align=\u00bbcenter\u00bb _builder_version=\u00bb4.27.4&#8243; _module_preset=\u00bbdefault\u00bb width=\u00bb80%\u00bb max_width=\u00bb65%\u00bb custom_margin=\u00bb||||false|false\u00bb custom_padding=\u00bb||||false|false\u00bb global_colors_info=\u00bb{}\u00bb][\/et_pb_image][\/et_pb_column][\/et_pb_row][et_pb_row admin_label=\u00bbT\u00cdTULO SAPIENSANTES\u00bb _builder_version=\u00bb4.27.4&#8243; _module_preset=\u00bbdefault\u00bb global_colors_info=\u00bb{}\u00bb][et_pb_column type=\u00bb4_4&#8243; _builder_version=\u00bb4.27.4&#8243; _module_preset=\u00bbdefault\u00bb global_colors_info=\u00bb{}\u00bb][et_pb_text admin_label=\u00bbText\u00bb _builder_version=\u00bb4.27.4&#8243; _module_preset=\u00bbdefault\u00bb global_colors_info=\u00bb{}\u00bb]<\/p>\n<h4>20. Sapiensantes<!--EndFragment --><\/h4>\n<p>[\/et_pb_text][\/et_pb_column][\/et_pb_row][et_pb_row column_structure=\u00bb3_4,1_4&#8243; disabled_on=\u00bbon|on|off\u00bb admin_label=\u00bbPODCAST 20&#8243; _builder_version=\u00bb4.27.4&#8243; _module_preset=\u00bbdefault\u00bb global_colors_info=\u00bb{}\u00bb][et_pb_column type=\u00bb3_4&#8243; _builder_version=\u00bb4.27.4&#8243; _module_preset=\u00bbdefault\u00bb global_colors_info=\u00bb{}\u00bb][et_pb_text admin_label=\u00bbSAPIENSANTES\u00bb _builder_version=\u00bb4.27.4&#8243; _module_preset=\u00bbdefault\u00bb custom_margin=\u00bb-10px||||false|false\u00bb global_colors_info=\u00bb{}\u00bb]<\/p>\n<p>\u00bfTe imaginas entrar dentro de una boca humana y descubrir por qu\u00e9 debemos lavarnos los dientes? En este <strong>podcast de ciencia para ni\u00f1os y ni\u00f1as, y para toda la familia,<\/strong> las m\u00e1s peque\u00f1as y peque\u00f1os hacen sus preguntas cient\u00edficas. <\/p>\n<p class=\"pf0\"><span class=\"cf1\">Aprender\u00e1s sobre animales, el espacio, la salud y la historia de la ciencia de una forma amena y comprensible. A trav\u00e9s de <strong>respuestas llenas de imaginaci\u00f3n<\/strong> , \u00a1vivir\u00e1s una experiencia divertida y educativa!  <\/span><\/p>\n<p class=\"pf0\"><span class=\"cf2\">\ud83c\udfa7<\/span><span class=\"cf0\"> Disponible en <a href=\"https:\/\/www.rtve.es\/play\/audios\/sapiensantes\/\" target=\"_blank\" rel=\"noopener\"><strong>RNE Audio<\/strong><\/a>, <a href=\"https:\/\/www.ivoox.com\/podcast-sapiensantes_sq_f12492105_1.html\" target=\"_blank\" rel=\"noopener\"> <strong>iVoox<\/strong><\/a>, <a href=\"https:\/\/podcasts.apple.com\/es\/podcast\/sapiensantes\/id1785615714\" target=\"_blank\" rel=\"noopener\"> <strong>Apple Podcasts<\/strong><\/a> y <a href=\"https:\/\/www.radio.es\/podcast\/sapiensantes\" target=\"_blank\" rel=\"noopener\"><strong>Podcastera<\/strong><\/a>. Una producci\u00f3n de Xaviera Torres y Juan Luis Mart\u00edn. <\/span><\/p>\n<p><!--EndFragment --><\/p>\n<p>[\/et_pb_text][\/et_pb_column][et_pb_column type=\u00bb1_4&#8243; _builder_version=\u00bb4.27.4&#8243; _module_preset=\u00bbdefault\u00bb global_colors_info=\u00bb{}\u00bb][et_pb_image src=\u00bbhttps:\/\/cases.fundesplai.org\/wp-content\/uploads\/2025\/12\/sapiensantes-Fundesplai.webp\u00bb alt=\u00bbpodcast infantil para escuchar en familia sapiensantes\u00bb title_text=\u00bbsapiensantes Fundesplai\u00bb align=\u00bbcenter\u00bb _builder_version=\u00bb4.27.4&#8243; _module_preset=\u00bbdefault\u00bb width=\u00bb80%\u00bb max_width=\u00bb65%\u00bb custom_margin=\u00bb30px||||false|false\u00bb custom_padding=\u00bb||||false|false\u00bb global_colors_info=\u00bb{}\u00bb][\/et_pb_image][\/et_pb_column][\/et_pb_row][et_pb_row column_structure=\u00bb3_4,1_4&#8243; disabled_on=\u00bboff|off|on\u00bb admin_label=\u00bbPODCAST 20&#8243; _builder_version=\u00bb4.27.4&#8243; _module_preset=\u00bbdefault\u00bb global_colors_info=\u00bb{}\u00bb][et_pb_column type=\u00bb3_4&#8243; _builder_version=\u00bb4.27.4&#8243; _module_preset=\u00bbdefault\u00bb global_colors_info=\u00bb{}\u00bb][et_pb_text admin_label=\u00bbSAPIENSANTES\u00bb _builder_version=\u00bb4.27.4&#8243; _module_preset=\u00bbdefault\u00bb custom_margin=\u00bb-10px||||false|false\u00bb global_colors_info=\u00bb{}\u00bb]<\/p>\n<p>\u00bfTe imaginas entrar dentro de una boca humana y descubrir por qu\u00e9 debemos lavarnos los dientes? En este <strong>podcast de ciencia para ni\u00f1os y ni\u00f1as, y para toda la familia,<\/strong> las m\u00e1s peque\u00f1as y peque\u00f1os hacen sus preguntas cient\u00edficas. <\/p>\n<p class=\"pf0\"><span class=\"cf1\">Aprender\u00e1s sobre animales, el espacio, la salud y la historia de la ciencia de una forma amena y comprensible. A trav\u00e9s de <strong>respuestas llenas de imaginaci\u00f3n<\/strong> , \u00a1vivir\u00e1s una experiencia divertida y educativa!  <\/span><\/p>\n<p class=\"pf0\"><span class=\"cf2\">\ud83c\udfa7<\/span><span class=\"cf0\"> Disponible en <a href=\"https:\/\/www.rtve.es\/play\/audios\/sapiensantes\/\" target=\"_blank\" rel=\"noopener\"><strong>RNE Audio<\/strong><\/a>, <a href=\"https:\/\/www.ivoox.com\/podcast-sapiensantes_sq_f12492105_1.html\" target=\"_blank\" rel=\"noopener\"> <strong>iVoox<\/strong><\/a>, <a href=\"https:\/\/podcasts.apple.com\/es\/podcast\/sapiensantes\/id1785615714\" target=\"_blank\" rel=\"noopener\"> <strong>Apple Podcasts<\/strong><\/a> y <a href=\"https:\/\/www.radio.es\/podcast\/sapiensantes\" target=\"_blank\" rel=\"noopener\"><strong>Podcastera<\/strong><\/a>. Una producci\u00f3n de Xaviera Torres y Juan Luis Mart\u00edn. <\/span><\/p>\n<p><!--EndFragment --><\/p>\n<p>[\/et_pb_text][\/et_pb_column][et_pb_column type=\u00bb1_4&#8243; _builder_version=\u00bb4.27.4&#8243; _module_preset=\u00bbdefault\u00bb global_colors_info=\u00bb{}\u00bb][et_pb_image src=\u00bbhttps:\/\/cases.fundesplai.org\/wp-content\/uploads\/2025\/12\/sapiensantes-Fundesplai.webp\u00bb alt=\u00bbpodcast infantil para escuchar en familia sapiensantes\u00bb title_text=\u00bbsapiensantes Fundesplai\u00bb align=\u00bbcenter\u00bb _builder_version=\u00bb4.27.4&#8243; _module_preset=\u00bbdefault\u00bb width=\u00bb80%\u00bb max_width=\u00bb65%\u00bb custom_margin=\u00bb||||false|false\u00bb custom_padding=\u00bb||||false|false\u00bb global_colors_info=\u00bb{}\u00bb][\/et_pb_image][\/et_pb_column][\/et_pb_row][et_pb_row admin_label=\u00bbT\u00cdTULO COMETA COLIN\u00bb _builder_version=\u00bb4.27.4&#8243; _module_preset=\u00bbdefault\u00bb global_colors_info=\u00bb{}\u00bb][et_pb_column type=\u00bb4_4&#8243; _builder_version=\u00bb4.27.4&#8243; _module_preset=\u00bbdefault\u00bb global_colors_info=\u00bb{}\u00bb][et_pb_text admin_label=\u00bbText\u00bb _builder_version=\u00bb4.27.4&#8243; _module_preset=\u00bbdefault\u00bb global_colors_info=\u00bb{}\u00bb]<\/p>\n<h4>21. Cometa Colin<!--EndFragment --><\/h4>\n<p>[\/et_pb_text][\/et_pb_column][\/et_pb_row][et_pb_row column_structure=\u00bb3_4,1_4&#8243; disabled_on=\u00bbon|on|off\u00bb admin_label=\u00bbPODCASTO 21&#8243; _builder_version=\u00bb4.27.4&#8243; _module_preset=\u00bbdefault\u00bb global_colors_info=\u00bb{}\u00bb][et_pb_column type=\u00bb3_4&#8243; _builder_version=\u00bb4.27.4&#8243; _module_preset=\u00bbdefault\u00bb global_colors_info=\u00bb{}\u00bb][et_pb_text admin_label=\u00bbCOMETA COLIN\u00bb _builder_version=\u00bb4.27.4&#8243; _module_preset=\u00bbdefault\u00bb custom_margin=\u00bb-10px||||false|false\u00bb global_colors_info=\u00bb{}\u00bb]<\/p>\n<p>\u00a1El extraterrestre Colin ha viajado a La Tierra y se ha despertado en un garaje! All\u00ed conocer\u00e1 a dos cient\u00edficas que le ayudar\u00e1n a entender <strong>c\u00f3mo funciona el mundo<\/strong>. <\/p>\n<p class=\"pf0\"><span class=\"cf1\">El podcast incluye <strong>informaci\u00f3n curiosa y precisa<\/strong>, pero explicada de una forma divertida. Es una buena manera de que tus hijos e hijas desarrollen su <strong>esp\u00edritu cr\u00edtico<\/strong>.  <\/span><\/p>\n<p class=\"pf0\"><span class=\"cf1\">Si quieres saber m\u00e1s sobre temas como el cambio clim\u00e1tico o historia, \u00a1no te lo pierdas! <\/span><\/p>\n<p class=\"pf0\"><span class=\"cf2\">\ud83c\udfa7<\/span> <span class=\"cf0\">Disponible en <a href=\"https:\/\/www.ivoox.com\/podcast-cometa-colin_sq_f1792819_1.html\" target=\"_blank\" rel=\"noopener\"><strong>iVoox<\/strong><\/a> y <a href=\"https:\/\/open.spotify.com\/show\/5qY8GUNN6ZIWthT0uz9bEy\" target=\"_blank\" rel=\"noopener\"><strong>Spotify<\/strong><\/a>.<\/span> <\/p>\n<p><!--EndFragment --><\/p>\n<p>[\/et_pb_text][\/et_pb_column][et_pb_column type=\u00bb1_4&#8243; _builder_version=\u00bb4.27.4&#8243; _module_preset=\u00bbdefault\u00bb global_colors_info=\u00bb{}\u00bb][et_pb_image src=\u00bbhttps:\/\/cases.fundesplai.org\/wp-content\/uploads\/2025\/12\/cometa-colin-Fundesplai.webp\u00bb alt=\u00bbpodcast infantil para escuchar en familia cometa colin\u00bb title_text=\u00bbcometa colin Fundesplai\u00bb align=\u00bbcenter\u00bb _builder_version=\u00bb4.27.4&#8243; _module_preset=\u00bbdefault\u00bb width=\u00bb80%\u00bb max_width=\u00bb65%\u00bb custom_margin=\u00bb40px||||false|false\u00bb custom_padding=\u00bb||||false|false\u00bb global_colors_info=\u00bb{}\u00bb][\/et_pb_image][\/et_pb_column][\/et_pb_row][et_pb_row column_structure=\u00bb3_4,1_4&#8243; disabled_on=\u00bboff|off|on\u00bb admin_label=\u00bbPODCASTO 21&#8243; _builder_version=\u00bb4.27.4&#8243; _module_preset=\u00bbdefault\u00bb global_colors_info=\u00bb{}\u00bb][et_pb_column type=\u00bb3_4&#8243; _builder_version=\u00bb4.27.4&#8243; _module_preset=\u00bbdefault\u00bb global_colors_info=\u00bb{}\u00bb][et_pb_text admin_label=\u00bbCOMETA COLIN\u00bb _builder_version=\u00bb4.27.4&#8243; _module_preset=\u00bbdefault\u00bb custom_margin=\u00bb-10px||||false|false\u00bb global_colors_info=\u00bb{}\u00bb]<\/p>\n<p>\u00a1El extraterrestre Colin ha viajado a La Tierra y se ha despertado en un garaje! All\u00ed conocer\u00e1 a dos cient\u00edficas que le ayudar\u00e1n a entender <strong>c\u00f3mo funciona el mundo<\/strong>. <\/p>\n<p class=\"pf0\"><span class=\"cf1\">El podcast incluye <strong>informaci\u00f3n curiosa y precisa<\/strong>, pero explicada de una forma divertida. Es una buena manera de que tus hijos e hijas desarrollen su <strong>esp\u00edritu cr\u00edtico<\/strong>.  <\/span><\/p>\n<p class=\"pf0\"><span class=\"cf1\">Si quieres saber m\u00e1s sobre temas como el cambio clim\u00e1tico o historia, \u00a1no te lo pierdas! <\/span><\/p>\n<p class=\"pf0\"><span class=\"cf2\">\ud83c\udfa7<\/span> <span class=\"cf0\">Disponible en <a href=\"https:\/\/www.ivoox.com\/podcast-cometa-colin_sq_f1792819_1.html\" target=\"_blank\" rel=\"noopener\"><strong>iVoox<\/strong><\/a> y <a href=\"https:\/\/open.spotify.com\/show\/5qY8GUNN6ZIWthT0uz9bEy\" target=\"_blank\" rel=\"noopener\"><strong>Spotify<\/strong><\/a>.<\/span> <\/p>\n<p><!--EndFragment --><\/p>\n<p>[\/et_pb_text][\/et_pb_column][et_pb_column type=\u00bb1_4&#8243; _builder_version=\u00bb4.27.4&#8243; _module_preset=\u00bbdefault\u00bb global_colors_info=\u00bb{}\u00bb][et_pb_image src=\u00bbhttps:\/\/cases.fundesplai.org\/wp-content\/uploads\/2025\/12\/cometa-colin-Fundesplai.webp\u00bb alt=\u00bbpodcast infantil para escuchar en familia cometa colin\u00bb title_text=\u00bbcometa colin Fundesplai\u00bb align=\u00bbcenter\u00bb _builder_version=\u00bb4.27.4&#8243; _module_preset=\u00bbdefault\u00bb width=\u00bb80%\u00bb max_width=\u00bb65%\u00bb custom_margin=\u00bb||||false|false\u00bb custom_padding=\u00bb||||false|false\u00bb global_colors_info=\u00bb{}\u00bb][\/et_pb_image][\/et_pb_column][\/et_pb_row][et_pb_row admin_label=\u00bbT\u00cdTULO CHARM WORDS\u00bb _builder_version=\u00bb4.27.4&#8243; _module_preset=\u00bbdefault\u00bb global_colors_info=\u00bb{}\u00bb][et_pb_column type=\u00bb4_4&#8243; _builder_version=\u00bb4.27.4&#8243; _module_preset=\u00bbdefault\u00bb global_colors_info=\u00bb{}\u00bb][et_pb_text admin_label=\u00bbText\u00bb _builder_version=\u00bb4.27.4&#8243; _module_preset=\u00bbdefault\u00bb global_colors_info=\u00bb{}\u00bb]<\/p>\n<h4>22. Charm words espa\u00f1ol: afirmaciones diarias para ni\u00f1os<!--EndFragment --><\/h4>\n<p>[\/et_pb_text][\/et_pb_column][\/et_pb_row][et_pb_row column_structure=\u00bb3_4,1_4&#8243; disabled_on=\u00bbon|on|off\u00bb admin_label=\u00bbPODCASTO 22&#8243; _builder_version=\u00bb4.27.4&#8243; _module_preset=\u00bbdefault\u00bb global_colors_info=\u00bb{}\u00bb][et_pb_column type=\u00bb3_4&#8243; _builder_version=\u00bb4.27.4&#8243; _module_preset=\u00bbdefault\u00bb global_colors_info=\u00bb{}\u00bb][et_pb_text admin_label=\u00bbCHARM WORDS\u00bb _builder_version=\u00bb4.27.4&#8243; _module_preset=\u00bbdefault\u00bb custom_margin=\u00bb-10px||||false|false\u00bb global_colors_info=\u00bb{}\u00bb]<\/p>\n<p><span class=\"cf0\">Producido por ABF Creative,<\/span> <span class=\"cf1\">Charm Words Espa\u00f1ol<\/span> <span class=\"cf0\">es un podcast infantil que<\/span> <span class=\"cf0\"><strong>trabaja la autoestima, la confianza y la compasi\u00f3n<\/strong> a trav\u00e9s de afirmaciones positivas.<\/span> <\/p>\n<p class=\"pf0\"><span class=\"cf2\">Cada episodio incluye <strong>un breve ejercicio de respiraci\u00f3n y una afirmaci\u00f3n del d\u00eda<\/strong> para ayudar a los ni\u00f1os y ni\u00f1as a entender y gestionar mejor sus emociones. <\/span><\/p>\n<p class=\"pf0\"><span class=\"cf2\">Un podcast ideal para <strong>desarrollar la resiliencia y fomentar una actitud positiva<\/strong> frente a situaciones complicadas. <\/span><\/p>\n<p class=\"pf0\"><span class=\"cf3\">\ud83c\udfa7<\/span> <span class=\"cf0\">Lo puedes escuchar en <a href=\"https:\/\/open.spotify.com\/show\/5ioQ4MURznmO5g2Q1oncKz\" target=\"_blank\" rel=\"noopener\"><strong>Spotify<\/strong><\/a> y <a href=\"https:\/\/podcasts.apple.com\/es\/podcast\/charm-words-espa%C3%B1ol-afirmaciones-diarias-para-ni%C3%B1os\/id1652093952\" target=\"_blank\" rel=\"noopener\"><strong>Apple Podcasts<\/strong><\/a>.<\/span> <\/p>\n<p><!--EndFragment --><\/p>\n<p>[\/et_pb_text][\/et_pb_column][et_pb_column type=\u00bb1_4&#8243; _builder_version=\u00bb4.27.4&#8243; _module_preset=\u00bbdefault\u00bb global_colors_info=\u00bb{}\u00bb][et_pb_image src=\u00bbhttps:\/\/cases.fundesplai.org\/wp-content\/uploads\/2025\/12\/charm-words-Fundesplai.webp\u00bb alt=\u00bbpodcast infantil para escuchar en familia charm words\u00bb title_text=\u00bbcharm words Fundesplai\u00bb align=\u00bbcenter\u00bb _builder_version=\u00bb4.27.4&#8243; _module_preset=\u00bbdefault\u00bb width=\u00bb80%\u00bb max_width=\u00bb65%\u00bb custom_margin=\u00bb45px||||false|false\u00bb custom_padding=\u00bb||||false|false\u00bb global_colors_info=\u00bb{}\u00bb][\/et_pb_image][\/et_pb_column][\/et_pb_row][et_pb_row column_structure=\u00bb3_4,1_4&#8243; disabled_on=\u00bboff|off|on\u00bb admin_label=\u00bbPODCASTO 22&#8243; _builder_version=\u00bb4.27.4&#8243; _module_preset=\u00bbdefault\u00bb global_colors_info=\u00bb{}\u00bb][et_pb_column type=\u00bb3_4&#8243; _builder_version=\u00bb4.27.4&#8243; _module_preset=\u00bbdefault\u00bb global_colors_info=\u00bb{}\u00bb][et_pb_text admin_label=\u00bbCHARM WORDS\u00bb _builder_version=\u00bb4.27.4&#8243; _module_preset=\u00bbdefault\u00bb custom_margin=\u00bb-10px||||false|false\u00bb global_colors_info=\u00bb{}\u00bb]<\/p>\n<p><span class=\"cf0\" style=\"font-size: 16px;\">Producido por ABF Creative,<\/span> <span class=\"cf1\" style=\"font-size: 16px;\">Charm Words Espa\u00f1ol<\/span> <span class=\"cf0\" style=\"font-size: 16px;\">es un podcast infantil que<\/span> <span class=\"cf0\" style=\"font-size: 16px;\"><strong>trabaja la autoestima, la confianza y<\/strong><\/span> <span class=\"cf0\" style=\"font-size: 16px;\"><strong>la compasi\u00f3n<\/strong> a trav\u00e9s<\/span> <span class=\"cf0\" style=\"font-size: 16px;\">de afirmaciones positivas.<\/span><span class=\"cf0\"><\/span><\/p>\n<p class=\"pf0\"><span class=\"cf2\">Cada episodio incluye <strong>un breve ejercicio de respiraci\u00f3n y una afirmaci\u00f3n del d\u00eda<\/strong> para ayudar a los ni\u00f1os y ni\u00f1as a entender y gestionar mejor sus emociones. <\/span><\/p>\n<p class=\"pf0\"><span class=\"cf2\">Un podcast ideal<\/span> <span class=\"cf2\">para<\/span><span class=\"cf2\"> <\/span><span class=\"cf2\"><strong>desarrollar<\/strong><\/span> <span class=\"cf2\" style=\"font-size: 16px;\"><strong>la<\/strong><\/span> <span class=\"cf2\" style=\"font-size: 16px;\"><strong>resiliencia<\/strong><\/span> <strong style=\"font-size: 16px;\">y<\/strong> <span class=\"cf2\" style=\"font-size: 16px;\"><strong>fomentar una<\/strong><\/span> <span class=\"cf2\" style=\"font-size: 16px;\"><strong>actitud<\/strong><\/span> <strong style=\"font-size: 16px;\">positiva<\/strong><span style=\"font-size: 16px;\"> <\/span><span style=\"font-size: 16px;\">ante<\/span> <span style=\"font-size: 16px;\">situaciones complicadas.<\/span> <\/p>\n<p class=\"pf0\"><span class=\"cf3\">\ud83c\udfa7<\/span> <span class=\"cf0\">Lo puedes escuchar en <a href=\"https:\/\/open.spotify.com\/show\/5ioQ4MURznmO5g2Q1oncKz\" target=\"_blank\" rel=\"noopener\"><strong>Spotify<\/strong><\/a> y <a href=\"https:\/\/podcasts.apple.com\/es\/podcast\/charm-words-espa%C3%B1ol-afirmaciones-diarias-para-ni%C3%B1os\/id1652093952\" target=\"_blank\" rel=\"noopener\"><strong>Apple Podcasts<\/strong><\/a>.<\/span> <\/p>\n<p><!--EndFragment --><\/p>\n<p>[\/et_pb_text][\/et_pb_column][et_pb_column type=\u00bb1_4&#8243; _builder_version=\u00bb4.27.4&#8243; _module_preset=\u00bbdefault\u00bb global_colors_info=\u00bb{}\u00bb][et_pb_image src=\u00bbhttps:\/\/cases.fundesplai.org\/wp-content\/uploads\/2025\/12\/charm-words-Fundesplai.webp\u00bb alt=\u00bbpodcast infantil para escuchar en familia charm words\u00bb title_text=\u00bbcharm words Fundesplai\u00bb align=\u00bbcenter\u00bb _builder_version=\u00bb4.27.4&#8243; _module_preset=\u00bbdefault\u00bb width=\u00bb80%\u00bb max_width=\u00bb65%\u00bb custom_margin=\u00bb||||false|false\u00bb custom_padding=\u00bb||||false|false\u00bb global_colors_info=\u00bb{}\u00bb][\/et_pb_image][\/et_pb_column][\/et_pb_row][et_pb_row admin_label=\u00bbT\u00cdTULO Y SI\u00bb _builder_version=\u00bb4.27.4&#8243; _module_preset=\u00bbdefault\u00bb global_colors_info=\u00bb{}\u00bb][et_pb_column type=\u00bb4_4&#8243; _builder_version=\u00bb4.27.4&#8243; _module_preset=\u00bbdefault\u00bb global_colors_info=\u00bb{}\u00bb][et_pb_text admin_label=\u00bbText\u00bb _builder_version=\u00bb4.27.4&#8243; _module_preset=\u00bbdefault\u00bb global_colors_info=\u00bb{}\u00bb]<\/p>\n<h4>23. \u00bfY si&#8230;?<!--EndFragment --><\/h4>\n<p>[\/et_pb_text][\/et_pb_column][\/et_pb_row][et_pb_row column_structure=\u00bb3_4,1_4&#8243; disabled_on=\u00bbon|on|off\u00bb admin_label=\u00bbPODCASTO 23&#8243; _builder_version=\u00bb4.27.4&#8243; _module_preset=\u00bbdefault\u00bb global_colors_info=\u00bb{}\u00bb][et_pb_column type=\u00bb3_4&#8243; _builder_version=\u00bb4.27.4&#8243; _module_preset=\u00bbdefault\u00bb global_colors_info=\u00bb{}\u00bb][et_pb_text admin_label=\u00bbY SI\u00bb _builder_version=\u00bb4.27.4&#8243; _module_preset=\u00bbdefault\u00bb custom_margin=\u00bb-10px||||false|false\u00bb global_colors_info=\u00bb{}\u00bb]<\/p>\n<p>Y si no huebieran colores? Y si nos cae un meteorito? Y si fu\u00e9ramos invisibles? Estas son algunas de las <strong>preguntas m\u00e1s habituales que se hacen los ni\u00f1os y ni\u00f1as<\/strong> cuando van creciendo. <\/p>\n<p class=\"pf0\"><span class=\"cf1\">Un podcast en el que los ni\u00f1os y ni\u00f1as <strong>tienen voz, preguntan e incluso debaten<\/strong> sobre preguntas curiosas.<\/span> <span class=\"cf1\">\u00a1Sum\u00e9rgete en este podcast que es tanto divulgativo como educativo!<\/span> <\/p>\n<p class=\"pf0\"><span class=\"cf2\">\ud83c\udfa7<\/span><span class=\"cf0\"> Disponible en <strong><a href=\"https:\/\/www.rtve.es\/play\/audios\/y-si\/\" target=\"_blank\" rel=\"noopener\">RNE Audio<\/a><\/strong>, <strong><a href=\"https:\/\/open.spotify.com\/show\/2KYroKpK6NeRZZJXKwu5A7\" target=\"_blank\" rel=\"noopener\">Spotify<\/a><\/strong> e <strong><a href=\"https:\/\/www.ivoox.com\/podcast-y-si_sq_f12347513_1.html\" target=\"_blank\" rel=\"noopener\">iVoox<\/a><\/strong>. Una producci\u00f3n de Radio Nacional Espa\u00f1ola. <\/span><\/p>\n<p><!--EndFragment --><\/p>\n<p>[\/et_pb_text][\/et_pb_column][et_pb_column type=\u00bb1_4&#8243; _builder_version=\u00bb4.27.4&#8243; _module_preset=\u00bbdefault\u00bb global_colors_info=\u00bb{}\u00bb][et_pb_image src=\u00bbhttps:\/\/cases.fundesplai.org\/wp-content\/uploads\/2025\/12\/y-si.-Fundesplai.webp\u00bb alt=\u00bbpodcast infantil para escuchar en familia \u00bfy si&#8230;?\u00bb title_text=\u00bby si&#8230; Fundesplai\u00bb align=\u00bbcenter\u00bb _builder_version=\u00bb4.27.4&#8243; _module_preset=\u00bbdefault\u00bb width=\u00bb80%\u00bb max_width=\u00bb65%\u00bb custom_margin=\u00bb25px||||false|false\u00bb custom_padding=\u00bb||||false|false\u00bb global_colors_info=\u00bb{}\u00bb][\/et_pb_image][\/et_pb_column][\/et_pb_row][et_pb_row column_structure=\u00bb3_4,1_4&#8243; disabled_on=\u00bboff|off|on\u00bb admin_label=\u00bbPODCASTO 23&#8243; _builder_version=\u00bb4.27.4&#8243; _module_preset=\u00bbdefault\u00bb global_colors_info=\u00bb{}\u00bb][et_pb_column type=\u00bb3_4&#8243; _builder_version=\u00bb4.27.4&#8243; _module_preset=\u00bbdefault\u00bb global_colors_info=\u00bb{}\u00bb][et_pb_text admin_label=\u00bbY SI\u00bb _builder_version=\u00bb4.27.4&#8243; _module_preset=\u00bbdefault\u00bb custom_margin=\u00bb-10px||||false|false\u00bb global_colors_info=\u00bb{}\u00bb]<\/p>\n<p>\u00bfY si no hubiera colores? \u00bfY si nos cae un meteorito? \u00bfY si fu\u00e9ramos invisibles? \u00c9stas son algunas de las <strong>preguntas m\u00e1s habituales que se hacen los ni\u00f1os y ni\u00f1as<\/strong> cuando van creciendo.   <\/p>\n<p class=\"pf0\"><span class=\"cf1\">Un podcast en el que los ni\u00f1os y ni\u00f1as <strong>tienen voz, preguntan e incluso debaten<\/strong> sobre preguntas curiosas.<\/span> <span class=\"cf1\">\u00a1Sum\u00e9rgete en este podcast que es tanto divulgativo como educativo!<\/span> <\/p>\n<p class=\"pf0\"><span class=\"cf2\">\ud83c\udfa7<\/span><span class=\"cf0\"> Disponible en <a href=\"https:\/\/www.rtve.es\/play\/audios\/y-si\/\" target=\"_blank\" rel=\"noopener\"><strong>RNE Audio<\/strong><\/a>, <a href=\"https:\/\/open.spotify.com\/show\/2KYroKpK6NeRZZJXKwu5A7\" target=\"_blank\" rel=\"noopener\"> <strong>Spotify <\/strong> <\/a>e<a href=\"https:\/\/www.ivoox.com\/podcast-y-si_sq_f12347513_1.html\" target=\"_blank\" rel=\"noopener\"> <strong>iVoox<\/strong><\/a>. Una producci\u00f3n de Radio Nacional Espa\u00f1ola. <\/span><\/p>\n<p><!--EndFragment --><\/p>\n<p>[\/et_pb_text][\/et_pb_column][et_pb_column type=\u00bb1_4&#8243; _builder_version=\u00bb4.27.4&#8243; _module_preset=\u00bbdefault\u00bb global_colors_info=\u00bb{}\u00bb][et_pb_image src=\u00bbhttps:\/\/cases.fundesplai.org\/wp-content\/uploads\/2025\/12\/y-si.-Fundesplai.webp\u00bb alt=\u00bbpodcast infantil para escuchar en familia \u00bfy si&#8230;?\u00bb title_text=\u00bby si&#8230; Fundesplai\u00bb align=\u00bbcenter\u00bb _builder_version=\u00bb4.27.4&#8243; _module_preset=\u00bbdefault\u00bb width=\u00bb80%\u00bb max_width=\u00bb65%\u00bb custom_margin=\u00bb||||false|false\u00bb custom_padding=\u00bb||||false|false\u00bb global_colors_info=\u00bb{}\u00bb][\/et_pb_image][\/et_pb_column][\/et_pb_row][et_pb_row admin_label=\u00bbIDOLOS\u00bb _builder_version=\u00bb4.27.4&#8243; _module_preset=\u00bbdefault\u00bb global_colors_info=\u00bb{}\u00bb][et_pb_column type=\u00bb4_4&#8243; _builder_version=\u00bb4.27.4&#8243; _module_preset=\u00bbdefault\u00bb global_colors_info=\u00bb{}\u00bb][et_pb_text admin_label=\u00bbText\u00bb _builder_version=\u00bb4.27.4&#8243; _module_preset=\u00bbdefault\u00bb global_colors_info=\u00bb{}\u00bb]<\/p>\n<h4>24. \u00cddolos<!--EndFragment --><\/h4>\n<p>[\/et_pb_text][\/et_pb_column][\/et_pb_row][et_pb_row column_structure=\u00bb3_4,1_4&#8243; disabled_on=\u00bbon|on|off\u00bb admin_label=\u00bbPODCASTO 24&#8243; _builder_version=\u00bb4.27.4&#8243; _module_preset=\u00bbdefault\u00bb global_colors_info=\u00bb{}\u00bb][et_pb_column type=\u00bb3_4&#8243; _builder_version=\u00bb4.27.4&#8243; _module_preset=\u00bbdefault\u00bb global_colors_info=\u00bb{}\u00bb][et_pb_text admin_label=\u00bbIDOLOS\u00bb _builder_version=\u00bb4.27.4&#8243; _module_preset=\u00bbdefault\u00bb custom_margin=\u00bb-10px||||false|false\u00bb global_colors_info=\u00bb{}\u00bb]<\/p>\n<p><strong>\u00bfTe apasiona la m\u00fasica y las historias?<\/strong> \u00a1Este podcast es para ti! La m\u00fasica es una poderosa forma de expresi\u00f3n que transmite emociones y tambi\u00e9n aporta valores importantes. <\/p>\n<p class=\"pf1\"><span class=\"cf0\">Te presentamos un <strong>podcast de cuentos musicales para escuchar en familia<\/strong> que te permitir\u00e1 descubrir <strong>la historia y la vida de grandes artistas<\/strong> del mundo de la m\u00fasica. <\/span><\/p>\n<p class=\"pf1\"><span class=\"cf1\"><span class=\"cf2\">\ud83c\udfa7<\/span> Esc\u00fachalo en <a href=\"https:\/\/open.spotify.com\/show\/3Ac4cYIT6h1pRCqbuubR6F\" target=\"_blank\" rel=\"noopener\"><strong>Spotify<\/strong><\/a>, <a href=\"https:\/\/www.podiumpodcast.com\/podcasts\/idolos-podium-os\/\" target=\"_blank\" rel=\"noopener\"><strong>Podium Pocast Web<\/strong><\/a> e <a href=\"https:\/\/www.ivoox.com\/podcast-idolos_sq_f1794888_1.html\" target=\"_blank\" rel=\"noopener\"><strong>iVoox<\/strong><\/a>.<\/span> <span class=\"cf1\">Una producci\u00f3n de Podium Podcast.<\/span> <\/p>\n<p><!--EndFragment --><\/p>\n<p>[\/et_pb_text][\/et_pb_column][et_pb_column type=\u00bb1_4&#8243; _builder_version=\u00bb4.27.4&#8243; _module_preset=\u00bbdefault\u00bb global_colors_info=\u00bb{}\u00bb][et_pb_image src=\u00bbhttps:\/\/cases.fundesplai.org\/wp-content\/uploads\/2025\/12\/idolos-Fundesplai.webp\u00bb alt=\u00bbpodcast infantil para escuchar en familia\u00bb title_text=\u00bbidolos Fundesplai\u00bb align=\u00bbcenter\u00bb _builder_version=\u00bb4.27.4&#8243; _module_preset=\u00bbdefault\u00bb width=\u00bb80%\u00bb max_width=\u00bb65%\u00bb custom_padding=\u00bb20px||||false|false\u00bb global_colors_info=\u00bb{}\u00bb][\/et_pb_image][\/et_pb_column][\/et_pb_row][et_pb_row column_structure=\u00bb3_4,1_4&#8243; disabled_on=\u00bboff|off|on\u00bb admin_label=\u00bbPODCASTO 24&#8243; _builder_version=\u00bb4.27.4&#8243; _module_preset=\u00bbdefault\u00bb global_colors_info=\u00bb{}\u00bb][et_pb_column type=\u00bb3_4&#8243; _builder_version=\u00bb4.27.4&#8243; _module_preset=\u00bbdefault\u00bb global_colors_info=\u00bb{}\u00bb][et_pb_text admin_label=\u00bbIDOLOS\u00bb _builder_version=\u00bb4.27.4&#8243; _module_preset=\u00bbdefault\u00bb custom_margin=\u00bb-10px||||false|false\u00bb global_colors_info=\u00bb{}\u00bb]<\/p>\n<p><strong>\u00bfTe apasiona la m\u00fasica y las historias?<\/strong> \u00a1Este podcast es para ti! La m\u00fasica es una poderosa forma de expresi\u00f3n que transmite emociones y tambi\u00e9n aporta valores importantes. <\/p>\n<p class=\"pf1\"><span class=\"cf0\">Te presentamos un <strong>podcast de cuentos musicales para escuchar en familia<\/strong> que te permitir\u00e1 descubrir <strong>la historia y la vida de grandes artistas<\/strong> del mundo de la m\u00fasica. <\/span><\/p>\n<p class=\"pf1\"><span class=\"cf1\"><span class=\"cf2\">\ud83c\udfa7<\/span> Esc\u00fachalo en <a href=\"https:\/\/open.spotify.com\/show\/3Ac4cYIT6h1pRCqbuubR6F\" target=\"_blank\" rel=\"noopener\"><strong>Spotify<\/strong><\/a>, <a href=\"https:\/\/www.podiumpodcast.com\/podcasts\/idolos-podium-os\/\" target=\"_blank\" rel=\"noopener\"><strong>Podium Pocast Web<\/strong><\/a> e <a href=\"https:\/\/www.ivoox.com\/podcast-idolos_sq_f1794888_1.html\" target=\"_blank\" rel=\"noopener\"><strong>iVoox<\/strong><\/a>.<\/span> <span class=\"cf1\">Una producci\u00f3n de Podium Podcast.<\/span> <\/p>\n<p><!--EndFragment --><\/p>\n<p>[\/et_pb_text][\/et_pb_column][et_pb_column type=\u00bb1_4&#8243; _builder_version=\u00bb4.27.4&#8243; _module_preset=\u00bbdefault\u00bb global_colors_info=\u00bb{}\u00bb][et_pb_image src=\u00bbhttps:\/\/cases.fundesplai.org\/wp-content\/uploads\/2025\/12\/idolos-Fundesplai.webp\u00bb alt=\u00bbpodcast infantil para escuchar en familia\u00bb title_text=\u00bbidolos Fundesplai\u00bb align=\u00bbcenter\u00bb _builder_version=\u00bb4.27.4&#8243; _module_preset=\u00bbdefault\u00bb width=\u00bb80%\u00bb max_width=\u00bb65%\u00bb custom_padding=\u00bb20px||||false|false\u00bb global_colors_info=\u00bb{}\u00bb][\/et_pb_image][\/et_pb_column][\/et_pb_row][et_pb_row admin_label=\u00bbCOLORIN COLORADO\u00bb _builder_version=\u00bb4.27.4&#8243; _module_preset=\u00bbdefault\u00bb global_colors_info=\u00bb{}\u00bb][et_pb_column type=\u00bb4_4&#8243; _builder_version=\u00bb4.27.4&#8243; _module_preset=\u00bbdefault\u00bb global_colors_info=\u00bb{}\u00bb][et_pb_text admin_label=\u00bbText\u00bb _builder_version=\u00bb4.27.4&#8243; _module_preset=\u00bbdefault\u00bb global_colors_info=\u00bb{}\u00bb]<\/p>\n<h4>25. Color\u00edn colorado, con la ciencia nos hemos topado<!--EndFragment --><\/h4>\n<p>[\/et_pb_text][\/et_pb_column][\/et_pb_row][et_pb_row column_structure=\u00bb3_4,1_4&#8243; disabled_on=\u00bbon|on|off\u00bb admin_label=\u00bbPODCAST 25&#8243; _builder_version=\u00bb4.27.4&#8243; _module_preset=\u00bbdefault\u00bb global_colors_info=\u00bb{}\u00bb][et_pb_column type=\u00bb3_4&#8243; _builder_version=\u00bb4.27.4&#8243; _module_preset=\u00bbdefault\u00bb global_colors_info=\u00bb{}\u00bb][et_pb_text admin_label=\u00bbCOLORIN COLORADO\u00bb _builder_version=\u00bb4.27.4&#8243; _module_preset=\u00bbdefault\u00bb custom_margin=\u00bb-10px||||false|false\u00bb global_colors_info=\u00bb{}\u00bb]<\/p>\n<p><span data-contrast=\"auto\">En este podcast encontrar\u00e1s <strong>respuesta a muchas de las preguntas<\/strong> que se hacen los <strong>ni\u00f1os y ni\u00f1as m\u00e1s curiosas<\/strong>, como, por ejemplo, c\u00f3mo se curan las heridas o si una persona se puede hacer cosquillas a s\u00ed misma.<\/span><span data-ccp-props=\"{}\"> <\/span><\/p>\n<p><span data-contrast=\"auto\">Te transportar\u00e1 a lugares sorprendentes y te adentrar\u00e1 en aventuras que revelan <strong>misterios sobre el cuerpo humano y el mundo que nos rodea<\/strong>. \u00a1No te pierdas estos audiocuentos cient\u00edficos con un toque de humor! <\/span><span data-ccp-props=\"{}\"> <\/span><\/p>\n<p><span data-contrast=\"auto\">\ud83c\udfa7<\/span><span data-contrast=\"auto\"> Lo puedes encontrar en <a href=\"https:\/\/www.ivoox.com\/podcast-colorin-colorado-ciencia-nos-hemos-topado_sq_f12609034_1.html\" target=\"_blank\" rel=\"noopener\"><strong>iVoox<\/strong><\/a>, <a href=\"https:\/\/open.spotify.com\/show\/3GM5ZuGoAQYw7wiBYKrKvX\" target=\"_blank\" rel=\"noopener\"><strong>Spotify<\/strong><\/a> y <a href=\"https:\/\/www.youtube.com\/@ColorinCiencia\" target=\"_blank\" rel=\"noopener\"><strong>Youtube<\/strong><\/a>. <\/span><span data-ccp-props=\"{\"134233117\":false,\"134233118\":false,\"201341983\":0,\"335551550\":1,\"335551620\":1,\"335559685\":0,\"335559737\":0,\"335559738\":0,\"335559739\":160,\"335559740\":278}\"> <\/span><\/p>\n<p>[\/et_pb_text][\/et_pb_column][et_pb_column type=\u00bb1_4&#8243; _builder_version=\u00bb4.27.4&#8243; _module_preset=\u00bbdefault\u00bb global_colors_info=\u00bb{}\u00bb][et_pb_image src=\u00bbhttps:\/\/cases.fundesplai.org\/wp-content\/uploads\/2025\/12\/colorin-colorado-con-la-ciencia-nos-hemos-topado-Fundesplai.webp\u00bb alt=\u00bbpodcast para escuchar en familia infantil colorin colorado\u00bb title_text=\u00bbcolorin colorado con la ciencia nos hemos topado Fundesplai\u00bb align=\u00bbcenter\u00bb _builder_version=\u00bb4.27.4&#8243; _module_preset=\u00bbdefault\u00bb width=\u00bb80%\u00bb max_width=\u00bb65%\u00bb custom_margin=\u00bb18px||||false|false\u00bb custom_padding=\u00bb||||false|false\u00bb global_colors_info=\u00bb{}\u00bb][\/et_pb_image][\/et_pb_column][\/et_pb_row][et_pb_row column_structure=\u00bb3_4,1_4&#8243; disabled_on=\u00bboff|off|on\u00bb admin_label=\u00bbPODCAST 25&#8243; _builder_version=\u00bb4.27.4&#8243; _module_preset=\u00bbdefault\u00bb global_colors_info=\u00bb{}\u00bb][et_pb_column type=\u00bb3_4&#8243; _builder_version=\u00bb4.27.4&#8243; _module_preset=\u00bbdefault\u00bb global_colors_info=\u00bb{}\u00bb][et_pb_text admin_label=\u00bbCOLORIN COLORADO\u00bb _builder_version=\u00bb4.27.4&#8243; _module_preset=\u00bbdefault\u00bb custom_margin=\u00bb-10px||||false|false\u00bb global_colors_info=\u00bb{}\u00bb]<\/p>\n<p><span data-contrast=\"auto\">En este podcast encontrar\u00e1s <strong>respuesta a muchas de las preguntas<\/strong> que se hacen los <strong>ni\u00f1os y ni\u00f1as m\u00e1s curiosas<\/strong>, como, por ejemplo, c\u00f3mo se curan las heridas o si una persona se puede hacer cosquillas a s\u00ed misma.<\/span><span data-ccp-props=\"{}\"> <\/span><\/p>\n<p><span data-contrast=\"auto\">Te transportar\u00e1 a lugares sorprendentes y te adentrar\u00e1 en aventuras que revelan <strong>misterios sobre el cuerpo humano y el mundo que nos rodea<\/strong>. \u00a1No te pierdas estos audiocuentos cient\u00edficos con un toque de humor! <\/span><span data-ccp-props=\"{}\"> <\/span><\/p>\n<p><span data-contrast=\"auto\">\ud83c\udfa7<\/span><span data-contrast=\"auto\"> Lo puedes encontrar en <a href=\"https:\/\/www.ivoox.com\/podcast-colorin-colorado-ciencia-nos-hemos-topado_sq_f12609034_1.html\" target=\"_blank\" rel=\"noopener\"><strong>iVoox<\/strong><\/a>, <a href=\"https:\/\/open.spotify.com\/show\/3GM5ZuGoAQYw7wiBYKrKvX\" target=\"_blank\" rel=\"noopener\"><strong>Spotify<\/strong><\/a> y <a href=\"https:\/\/www.youtube.com\/@ColorinCiencia\" target=\"_blank\" rel=\"noopener\"><strong>Youtube<\/strong><\/a>. <\/span><span data-ccp-props=\"{\"134233117\":false,\"134233118\":false,\"201341983\":0,\"335551550\":1,\"335551620\":1,\"335559685\":0,\"335559737\":0,\"335559738\":0,\"335559739\":160,\"335559740\":278}\"> <\/span><\/p>\n<p>[\/et_pb_text][\/et_pb_column][et_pb_column type=\u00bb1_4&#8243; _builder_version=\u00bb4.27.4&#8243; _module_preset=\u00bbdefault\u00bb global_colors_info=\u00bb{}\u00bb][et_pb_image src=\u00bbhttps:\/\/cases.fundesplai.org\/wp-content\/uploads\/2025\/12\/colorin-colorado-con-la-ciencia-nos-hemos-topado-Fundesplai.webp\u00bb alt=\u00bbpodcast para escuchar en familia infantil colorin colorado\u00bb title_text=\u00bbcolorin colorado con la ciencia nos hemos topado Fundesplai\u00bb align=\u00bbcenter\u00bb _builder_version=\u00bb4.27.4&#8243; _module_preset=\u00bbdefault\u00bb width=\u00bb80%\u00bb max_width=\u00bb65%\u00bb custom_margin=\u00bb18px||||false|false\u00bb custom_padding=\u00bb||||false|false\u00bb global_colors_info=\u00bb{}\u00bb][\/et_pb_image][\/et_pb_column][\/et_pb_row][et_pb_row admin_label=\u00bbRAZONES PARA ESCUCHAR PODCASTOS\u00bb _builder_version=\u00bb4.27.4&#8243; _module_preset=\u00bbdefault\u00bb global_colors_info=\u00bb{}\u00bb][et_pb_column type=\u00bb4_4&#8243; _builder_version=\u00bb4.27.4&#8243; _module_preset=\u00bbdefault\u00bb global_colors_info=\u00bb{}\u00bb][et_pb_divider admin_label=\u00bbDivider\u00bb _builder_version=\u00bb4.27.4&#8243; _module_preset=\u00bbdefault\u00bb custom_margin=\u00bb20px||||false|false\u00bb global_colors_info=\u00bb{}\u00bb][\/et_pb_divider][et_pb_text admin_label=\u00bbT\u00edtol + text\u00bb _builder_version=\u00bb4.27.4&#8243; _module_preset=\u00bbdefault\u00bb global_colors_info=\u00bb{}\u00bb]<\/p>\n<h3>Los podcasts, una herramienta educativa para toda la familia<!--StartFragment --><\/h3>\n<ul>\n<li class=\"pf0\"><span class=\"cf0\">Es una forma divertida y amena de aprender nuevos contenidos<\/span><\/li>\n<li class=\"pf0\"><span class=\"cf1\">Favorece la capacidad de escucha <\/span><\/li>\n<li class=\"pf0\"><span class=\"cf1\">Fomenta la comprensi\u00f3n y expresi\u00f3n oral<\/span><\/li>\n<li class=\"pf0\"><span class=\"cf1\">Potencia la creatividad <\/span><\/li>\n<li class=\"pf0\"><span class=\"cf1\">Fomenta la concentraci\u00f3n y capacidad de atenci\u00f3n<\/span><\/li>\n<li class=\"pf0\"><span class=\"cf1\">Favorece el desarrollo de las habilidades comunicativas<\/span><\/li>\n<li><span class=\"cf1\">Estimula el pensamiento cr\u00edtico y la capacidad de an\u00e1lisis<\/span><!--EndFragment --><\/li>\n<\/ul>\n<p><!--EndFragment -->[\/et_pb_text][\/et_pb_column][\/et_pb_row][et_pb_row admin_label=\u00bbCONCLUSI\u00d3N\u00bb _builder_version=\u00bb4.27.4&#8243; _module_preset=\u00bbdefault\u00bb global_colors_info=\u00bb{}\u00bb][et_pb_column type=\u00bb4_4&#8243; _builder_version=\u00bb4.27.4&#8243; _module_preset=\u00bbdefault\u00bb global_colors_info=\u00bb{}\u00bb][et_pb_divider admin_label=\u00bbDivider\u00bb _builder_version=\u00bb4.27.4&#8243; _module_preset=\u00bbdefault\u00bb global_colors_info=\u00bb{}\u00bb][\/et_pb_divider][et_pb_text _builder_version=\u00bb4.27.4&#8243; _module_preset=\u00bbdefault\u00bb global_colors_info=\u00bb{}\u00bb]<\/p>\n<p style=\"text-align: center;\">\u00a1Esperamos que esta recopilaci\u00f3n de podcasts para escuchar en familia te haya despertado ganas de descubrir nuevas historias, reflexionar y pasar momentos diferentes y educativos con tus personas favoritas! <strong>\u00bfCu\u00e1l ser\u00e1 el primero que escuchar\u00e1s?<!--StartFragment --> <span class=\"cf0\">\ud83d\ude09<\/span><!--EndFragment --><\/strong><\/p>\n<p><!--EndFragment -->[\/et_pb_text][\/et_pb_column][\/et_pb_row][\/et_pb_section]<\/p>\n","protected":false},"excerpt":{"rendered":"<p>Te proponemos una recopilaci\u00f3n de podcasts infantiles interesantes y educativos para escuchar en familia de diversas tem\u00e1ticas y para diferentes edades.<\/p>\n","protected":false},"author":430,"featured_media":61889,"comment_status":"closed","ping_status":"closed","sticky":false,"template":"","format":"standard","meta":{"_et_pb_use_builder":"on","_et_pb_old_content":"","_et_gb_content_width":"","footnotes":""},"categories":[193],"tags":[],"class_list":["post-61900","post","type-post","status-publish","format-standard","has-post-thumbnail","hentry","category-familia-es"],"yoast_head":"<!-- This site is optimized with the Yoast SEO plugin v27.5 - https:\/\/yoast.com\/product\/yoast-seo-wordpress\/ -->\n<title>25 podcasts infantiles para escuchar en familia - Cases de col\u00f2nies - Fundesplai<\/title>\n<meta name=\"description\" content=\"Te proponemos una recopilaci\u00f3n de podcasts infantiles interesantes y educativos para escuchar en familia de diversas tem\u00e1ticas y para diferentes edades.\" \/>\n<meta name=\"robots\" content=\"index, follow, max-snippet:-1, max-image-preview:large, max-video-preview:-1\" \/>\n<link rel=\"canonical\" href=\"https:\/\/cases.fundesplai.org\/es\/blog-es\/familia-es\/25-podcasts-infantiles-para-escuchar-en-familia\/\" \/>\n<meta property=\"og:locale\" content=\"es_ES\" \/>\n<meta property=\"og:type\" content=\"article\" \/>\n<meta property=\"og:title\" content=\"25 podcasts infantiles para escuchar en familia - Cases de col\u00f2nies - Fundesplai\" \/>\n<meta property=\"og:description\" content=\"Te proponemos una recopilaci\u00f3n de podcasts infantiles interesantes y educativos para escuchar en familia de diversas tem\u00e1ticas y para diferentes edades.\" \/>\n<meta property=\"og:url\" content=\"https:\/\/cases.fundesplai.org\/es\/blog-es\/familia-es\/25-podcasts-infantiles-para-escuchar-en-familia\/\" \/>\n<meta property=\"og:site_name\" content=\"Cases de col\u00f2nies - Fundesplai\" \/>\n<meta property=\"article:published_time\" content=\"2025-12-03T15:13:57+00:00\" \/>\n<meta property=\"article:modified_time\" content=\"2025-12-04T16:06:23+00:00\" \/>\n<meta property=\"og:image\" content=\"https:\/\/cases.fundesplai.org\/wp-content\/uploads\/2025\/12\/podcast-familia.webp\" \/>\n\t<meta property=\"og:image:width\" content=\"1888\" \/>\n\t<meta property=\"og:image:height\" content=\"900\" \/>\n\t<meta property=\"og:image:type\" content=\"image\/webp\" \/>\n<meta name=\"author\" content=\"nuria.juncosas\" \/>\n<meta name=\"twitter:card\" content=\"summary_large_image\" \/>\n<meta name=\"twitter:label1\" content=\"Escrito por\" \/>\n\t<meta name=\"twitter:data1\" content=\"nuria.juncosas\" \/>\n\t<meta name=\"twitter:label2\" content=\"Tiempo de lectura\" \/>\n\t<meta name=\"twitter:data2\" content=\"60 minutos\" \/>\n<script type=\"application\/ld+json\" class=\"yoast-schema-graph\">{\"@context\":\"https:\\\/\\\/schema.org\",\"@graph\":[{\"@type\":\"Article\",\"@id\":\"https:\\\/\\\/cases.fundesplai.org\\\/es\\\/blog-es\\\/familia-es\\\/25-podcasts-infantiles-para-escuchar-en-familia\\\/#article\",\"isPartOf\":{\"@id\":\"https:\\\/\\\/cases.fundesplai.org\\\/es\\\/blog-es\\\/familia-es\\\/25-podcasts-infantiles-para-escuchar-en-familia\\\/\"},\"author\":{\"name\":\"nuria.juncosas\",\"@id\":\"https:\\\/\\\/cases.fundesplai.org\\\/es\\\/#\\\/schema\\\/person\\\/3af336e63c4d37760aea0130588cefe6\"},\"headline\":\"25 podcasts infantiles para escuchar en familia\",\"datePublished\":\"2025-12-03T15:13:57+00:00\",\"dateModified\":\"2025-12-04T16:06:23+00:00\",\"mainEntityOfPage\":{\"@id\":\"https:\\\/\\\/cases.fundesplai.org\\\/es\\\/blog-es\\\/familia-es\\\/25-podcasts-infantiles-para-escuchar-en-familia\\\/\"},\"wordCount\":12099,\"image\":{\"@id\":\"https:\\\/\\\/cases.fundesplai.org\\\/es\\\/blog-es\\\/familia-es\\\/25-podcasts-infantiles-para-escuchar-en-familia\\\/#primaryimage\"},\"thumbnailUrl\":\"https:\\\/\\\/cases.fundesplai.org\\\/wp-content\\\/uploads\\\/2025\\\/12\\\/podcast-familia.webp\",\"articleSection\":[\"Familia\"],\"inLanguage\":\"es\"},{\"@type\":\"WebPage\",\"@id\":\"https:\\\/\\\/cases.fundesplai.org\\\/es\\\/blog-es\\\/familia-es\\\/25-podcasts-infantiles-para-escuchar-en-familia\\\/\",\"url\":\"https:\\\/\\\/cases.fundesplai.org\\\/es\\\/blog-es\\\/familia-es\\\/25-podcasts-infantiles-para-escuchar-en-familia\\\/\",\"name\":\"25 podcasts infantiles para escuchar en familia - Cases de col\u00f2nies - Fundesplai\",\"isPartOf\":{\"@id\":\"https:\\\/\\\/cases.fundesplai.org\\\/es\\\/#website\"},\"primaryImageOfPage\":{\"@id\":\"https:\\\/\\\/cases.fundesplai.org\\\/es\\\/blog-es\\\/familia-es\\\/25-podcasts-infantiles-para-escuchar-en-familia\\\/#primaryimage\"},\"image\":{\"@id\":\"https:\\\/\\\/cases.fundesplai.org\\\/es\\\/blog-es\\\/familia-es\\\/25-podcasts-infantiles-para-escuchar-en-familia\\\/#primaryimage\"},\"thumbnailUrl\":\"https:\\\/\\\/cases.fundesplai.org\\\/wp-content\\\/uploads\\\/2025\\\/12\\\/podcast-familia.webp\",\"datePublished\":\"2025-12-03T15:13:57+00:00\",\"dateModified\":\"2025-12-04T16:06:23+00:00\",\"author\":{\"@id\":\"https:\\\/\\\/cases.fundesplai.org\\\/es\\\/#\\\/schema\\\/person\\\/3af336e63c4d37760aea0130588cefe6\"},\"description\":\"Te proponemos una recopilaci\u00f3n de podcasts infantiles interesantes y educativos para escuchar en familia de diversas tem\u00e1ticas y para diferentes edades.\",\"breadcrumb\":{\"@id\":\"https:\\\/\\\/cases.fundesplai.org\\\/es\\\/blog-es\\\/familia-es\\\/25-podcasts-infantiles-para-escuchar-en-familia\\\/#breadcrumb\"},\"inLanguage\":\"es\",\"potentialAction\":[{\"@type\":\"ReadAction\",\"target\":[\"https:\\\/\\\/cases.fundesplai.org\\\/es\\\/blog-es\\\/familia-es\\\/25-podcasts-infantiles-para-escuchar-en-familia\\\/\"]}]},{\"@type\":\"ImageObject\",\"inLanguage\":\"es\",\"@id\":\"https:\\\/\\\/cases.fundesplai.org\\\/es\\\/blog-es\\\/familia-es\\\/25-podcasts-infantiles-para-escuchar-en-familia\\\/#primaryimage\",\"url\":\"https:\\\/\\\/cases.fundesplai.org\\\/wp-content\\\/uploads\\\/2025\\\/12\\\/podcast-familia.webp\",\"contentUrl\":\"https:\\\/\\\/cases.fundesplai.org\\\/wp-content\\\/uploads\\\/2025\\\/12\\\/podcast-familia.webp\",\"width\":1888,\"height\":900,\"caption\":\"madre e hija escuchando un podcast con auriculares\"},{\"@type\":\"BreadcrumbList\",\"@id\":\"https:\\\/\\\/cases.fundesplai.org\\\/es\\\/blog-es\\\/familia-es\\\/25-podcasts-infantiles-para-escuchar-en-familia\\\/#breadcrumb\",\"itemListElement\":[{\"@type\":\"ListItem\",\"position\":1,\"name\":\"Inici\",\"item\":\"https:\\\/\\\/cases.fundesplai.org\\\/es\\\/inici-2\\\/\"},{\"@type\":\"ListItem\",\"position\":2,\"name\":\"25 podcasts infantiles para escuchar en familia\"}]},{\"@type\":\"WebSite\",\"@id\":\"https:\\\/\\\/cases.fundesplai.org\\\/es\\\/#website\",\"url\":\"https:\\\/\\\/cases.fundesplai.org\\\/es\\\/\",\"name\":\"Cases de col\u00f2nies - Fundesplai\",\"description\":\"Equipaments de Fundesplai\",\"potentialAction\":[{\"@type\":\"SearchAction\",\"target\":{\"@type\":\"EntryPoint\",\"urlTemplate\":\"https:\\\/\\\/cases.fundesplai.org\\\/es\\\/?s={search_term_string}\"},\"query-input\":{\"@type\":\"PropertyValueSpecification\",\"valueRequired\":true,\"valueName\":\"search_term_string\"}}],\"inLanguage\":\"es\"},{\"@type\":\"Person\",\"@id\":\"https:\\\/\\\/cases.fundesplai.org\\\/es\\\/#\\\/schema\\\/person\\\/3af336e63c4d37760aea0130588cefe6\",\"name\":\"nuria.juncosas\",\"image\":{\"@type\":\"ImageObject\",\"inLanguage\":\"es\",\"@id\":\"https:\\\/\\\/secure.gravatar.com\\\/avatar\\\/bcbb16a2eb9c62ee346503346aec67f0605a3cb1a810858e1fb28a6c708f6caf?s=96&d=identicon&r=g\",\"url\":\"https:\\\/\\\/secure.gravatar.com\\\/avatar\\\/bcbb16a2eb9c62ee346503346aec67f0605a3cb1a810858e1fb28a6c708f6caf?s=96&d=identicon&r=g\",\"contentUrl\":\"https:\\\/\\\/secure.gravatar.com\\\/avatar\\\/bcbb16a2eb9c62ee346503346aec67f0605a3cb1a810858e1fb28a6c708f6caf?s=96&d=identicon&r=g\",\"caption\":\"nuria.juncosas\"},\"url\":\"https:\\\/\\\/cases.fundesplai.org\\\/es\\\/author\\\/nuria-juncosas\\\/\"}]}<\/script>\n<!-- \/ Yoast SEO plugin. -->","yoast_head_json":{"title":"25 podcasts infantiles para escuchar en familia - Cases de col\u00f2nies - Fundesplai","description":"Te proponemos una recopilaci\u00f3n de podcasts infantiles interesantes y educativos para escuchar en familia de diversas tem\u00e1ticas y para diferentes edades.","robots":{"index":"index","follow":"follow","max-snippet":"max-snippet:-1","max-image-preview":"max-image-preview:large","max-video-preview":"max-video-preview:-1"},"canonical":"https:\/\/cases.fundesplai.org\/es\/blog-es\/familia-es\/25-podcasts-infantiles-para-escuchar-en-familia\/","og_locale":"es_ES","og_type":"article","og_title":"25 podcasts infantiles para escuchar en familia - Cases de col\u00f2nies - Fundesplai","og_description":"Te proponemos una recopilaci\u00f3n de podcasts infantiles interesantes y educativos para escuchar en familia de diversas tem\u00e1ticas y para diferentes edades.","og_url":"https:\/\/cases.fundesplai.org\/es\/blog-es\/familia-es\/25-podcasts-infantiles-para-escuchar-en-familia\/","og_site_name":"Cases de col\u00f2nies - Fundesplai","article_published_time":"2025-12-03T15:13:57+00:00","article_modified_time":"2025-12-04T16:06:23+00:00","og_image":[{"width":1888,"height":900,"url":"https:\/\/cases.fundesplai.org\/wp-content\/uploads\/2025\/12\/podcast-familia.webp","type":"image\/webp"}],"author":"nuria.juncosas","twitter_card":"summary_large_image","twitter_misc":{"Escrito por":"nuria.juncosas","Tiempo de lectura":"60 minutos"},"schema":{"@context":"https:\/\/schema.org","@graph":[{"@type":"Article","@id":"https:\/\/cases.fundesplai.org\/es\/blog-es\/familia-es\/25-podcasts-infantiles-para-escuchar-en-familia\/#article","isPartOf":{"@id":"https:\/\/cases.fundesplai.org\/es\/blog-es\/familia-es\/25-podcasts-infantiles-para-escuchar-en-familia\/"},"author":{"name":"nuria.juncosas","@id":"https:\/\/cases.fundesplai.org\/es\/#\/schema\/person\/3af336e63c4d37760aea0130588cefe6"},"headline":"25 podcasts infantiles para escuchar en familia","datePublished":"2025-12-03T15:13:57+00:00","dateModified":"2025-12-04T16:06:23+00:00","mainEntityOfPage":{"@id":"https:\/\/cases.fundesplai.org\/es\/blog-es\/familia-es\/25-podcasts-infantiles-para-escuchar-en-familia\/"},"wordCount":12099,"image":{"@id":"https:\/\/cases.fundesplai.org\/es\/blog-es\/familia-es\/25-podcasts-infantiles-para-escuchar-en-familia\/#primaryimage"},"thumbnailUrl":"https:\/\/cases.fundesplai.org\/wp-content\/uploads\/2025\/12\/podcast-familia.webp","articleSection":["Familia"],"inLanguage":"es"},{"@type":"WebPage","@id":"https:\/\/cases.fundesplai.org\/es\/blog-es\/familia-es\/25-podcasts-infantiles-para-escuchar-en-familia\/","url":"https:\/\/cases.fundesplai.org\/es\/blog-es\/familia-es\/25-podcasts-infantiles-para-escuchar-en-familia\/","name":"25 podcasts infantiles para escuchar en familia - Cases de col\u00f2nies - Fundesplai","isPartOf":{"@id":"https:\/\/cases.fundesplai.org\/es\/#website"},"primaryImageOfPage":{"@id":"https:\/\/cases.fundesplai.org\/es\/blog-es\/familia-es\/25-podcasts-infantiles-para-escuchar-en-familia\/#primaryimage"},"image":{"@id":"https:\/\/cases.fundesplai.org\/es\/blog-es\/familia-es\/25-podcasts-infantiles-para-escuchar-en-familia\/#primaryimage"},"thumbnailUrl":"https:\/\/cases.fundesplai.org\/wp-content\/uploads\/2025\/12\/podcast-familia.webp","datePublished":"2025-12-03T15:13:57+00:00","dateModified":"2025-12-04T16:06:23+00:00","author":{"@id":"https:\/\/cases.fundesplai.org\/es\/#\/schema\/person\/3af336e63c4d37760aea0130588cefe6"},"description":"Te proponemos una recopilaci\u00f3n de podcasts infantiles interesantes y educativos para escuchar en familia de diversas tem\u00e1ticas y para diferentes edades.","breadcrumb":{"@id":"https:\/\/cases.fundesplai.org\/es\/blog-es\/familia-es\/25-podcasts-infantiles-para-escuchar-en-familia\/#breadcrumb"},"inLanguage":"es","potentialAction":[{"@type":"ReadAction","target":["https:\/\/cases.fundesplai.org\/es\/blog-es\/familia-es\/25-podcasts-infantiles-para-escuchar-en-familia\/"]}]},{"@type":"ImageObject","inLanguage":"es","@id":"https:\/\/cases.fundesplai.org\/es\/blog-es\/familia-es\/25-podcasts-infantiles-para-escuchar-en-familia\/#primaryimage","url":"https:\/\/cases.fundesplai.org\/wp-content\/uploads\/2025\/12\/podcast-familia.webp","contentUrl":"https:\/\/cases.fundesplai.org\/wp-content\/uploads\/2025\/12\/podcast-familia.webp","width":1888,"height":900,"caption":"madre e hija escuchando un podcast con auriculares"},{"@type":"BreadcrumbList","@id":"https:\/\/cases.fundesplai.org\/es\/blog-es\/familia-es\/25-podcasts-infantiles-para-escuchar-en-familia\/#breadcrumb","itemListElement":[{"@type":"ListItem","position":1,"name":"Inici","item":"https:\/\/cases.fundesplai.org\/es\/inici-2\/"},{"@type":"ListItem","position":2,"name":"25 podcasts infantiles para escuchar en familia"}]},{"@type":"WebSite","@id":"https:\/\/cases.fundesplai.org\/es\/#website","url":"https:\/\/cases.fundesplai.org\/es\/","name":"Cases de col\u00f2nies - Fundesplai","description":"Equipaments de Fundesplai","potentialAction":[{"@type":"SearchAction","target":{"@type":"EntryPoint","urlTemplate":"https:\/\/cases.fundesplai.org\/es\/?s={search_term_string}"},"query-input":{"@type":"PropertyValueSpecification","valueRequired":true,"valueName":"search_term_string"}}],"inLanguage":"es"},{"@type":"Person","@id":"https:\/\/cases.fundesplai.org\/es\/#\/schema\/person\/3af336e63c4d37760aea0130588cefe6","name":"nuria.juncosas","image":{"@type":"ImageObject","inLanguage":"es","@id":"https:\/\/secure.gravatar.com\/avatar\/bcbb16a2eb9c62ee346503346aec67f0605a3cb1a810858e1fb28a6c708f6caf?s=96&d=identicon&r=g","url":"https:\/\/secure.gravatar.com\/avatar\/bcbb16a2eb9c62ee346503346aec67f0605a3cb1a810858e1fb28a6c708f6caf?s=96&d=identicon&r=g","contentUrl":"https:\/\/secure.gravatar.com\/avatar\/bcbb16a2eb9c62ee346503346aec67f0605a3cb1a810858e1fb28a6c708f6caf?s=96&d=identicon&r=g","caption":"nuria.juncosas"},"url":"https:\/\/cases.fundesplai.org\/es\/author\/nuria-juncosas\/"}]}},"_links":{"self":[{"href":"https:\/\/cases.fundesplai.org\/es\/wp-json\/wp\/v2\/posts\/61900","targetHints":{"allow":["GET"]}}],"collection":[{"href":"https:\/\/cases.fundesplai.org\/es\/wp-json\/wp\/v2\/posts"}],"about":[{"href":"https:\/\/cases.fundesplai.org\/es\/wp-json\/wp\/v2\/types\/post"}],"author":[{"embeddable":true,"href":"https:\/\/cases.fundesplai.org\/es\/wp-json\/wp\/v2\/users\/430"}],"replies":[{"embeddable":true,"href":"https:\/\/cases.fundesplai.org\/es\/wp-json\/wp\/v2\/comments?post=61900"}],"version-history":[{"count":4,"href":"https:\/\/cases.fundesplai.org\/es\/wp-json\/wp\/v2\/posts\/61900\/revisions"}],"predecessor-version":[{"id":61927,"href":"https:\/\/cases.fundesplai.org\/es\/wp-json\/wp\/v2\/posts\/61900\/revisions\/61927"}],"wp:featuredmedia":[{"embeddable":true,"href":"https:\/\/cases.fundesplai.org\/es\/wp-json\/wp\/v2\/media\/61889"}],"wp:attachment":[{"href":"https:\/\/cases.fundesplai.org\/es\/wp-json\/wp\/v2\/media?parent=61900"}],"wp:term":[{"taxonomy":"category","embeddable":true,"href":"https:\/\/cases.fundesplai.org\/es\/wp-json\/wp\/v2\/categories?post=61900"},{"taxonomy":"post_tag","embeddable":true,"href":"https:\/\/cases.fundesplai.org\/es\/wp-json\/wp\/v2\/tags?post=61900"}],"curies":[{"name":"wp","href":"https:\/\/api.w.org\/{rel}","templated":true}]}}