{"id":66870,"date":"2026-04-30T10:00:00","date_gmt":"2026-04-30T08:00:00","guid":{"rendered":"https:\/\/cases.fundesplai.org\/blog-es\/un-viaje-medieval-a-castellet-i-la-gornal\/"},"modified":"2026-04-30T12:13:29","modified_gmt":"2026-04-30T10:13:29","slug":"un-viaje-medieval-a-castellet-i-la-gornal","status":"publish","type":"post","link":"https:\/\/cases.fundesplai.org\/es\/blog-es\/punto-de-interes-turistico\/un-viaje-medieval-a-castellet-i-la-gornal\/","title":{"rendered":"Un viaje medieval a Castellet i la Gornal"},"content":{"rendered":"<p>[et_pb_section fb_built=\u00bb1&#8243; _builder_version=\u00bb4.27.4&#8243; _module_preset=\u00bbdefault\u00bb global_colors_info=\u00bb{}\u00bb][et_pb_row _builder_version=\u00bb4.27.4&#8243; _module_preset=\u00bbdefault\u00bb global_colors_info=\u00bb{}\u00bb][et_pb_column type=\u00bb4_4&#8243; _builder_version=\u00bb4.27.4&#8243; _module_preset=\u00bbdefault\u00bb global_colors_info=\u00bb{}\u00bb][et_pb_text admin_label=\u00bbIntroducci\u00f3\u00bb _builder_version=\u00bb4.27.4&#8243; _module_preset=\u00bbdefault\u00bb hover_enabled=\u00bb0&#8243; global_colors_info=\u00bb{}\u00bb sticky_enabled=\u00bb0&#8243;]<\/p>\n<p>El pueblo de <strong>Castellet i la Gornal<\/strong> esconde tanta historia como belleza y encanto en sus calles y paisajes. Si est\u00e1s pensando en hacer una salida con tus hijos e hijas que combine <strong>naturaleza, historia e incluso algo de teatro<\/strong>, \u00a1este lugar es perfecto! Ubicado junto al <strong>Parque del Foix<\/strong>, dentro de la comarca del <strong>Alt Pened\u00e8s<\/strong>, la comarca vecina del Garraf, donde se encuentra nuestra casa de colonias Can Grau. Este pueblo vin\u00edcola catal\u00e1n ofrece desde un <strong>castillo que parece de cuento<\/strong> hasta unas esculturas sorprendentes repartidas por el pueblo.   <\/p>\n<p>No s\u00f3lo encontrar\u00e1s una joya arquitect\u00f3nica, vi\u00f1edos, calles pintorescas o vistas espectaculares, sino que vivir\u00e1s una <strong>aut\u00e9ntica experiencia medieval en familia<\/strong>. Los ni\u00f1os y ni\u00f1as podr\u00e1n imaginar caballeros y conocer rincones llenos de magia.  <strong>\u00bfTe animas a explorarlo?<\/strong><\/p>\n<blockquote>\n<p>Si te alojas en nuestra casa de colonias de <a href=\"https:\/\/cases.fundesplai.org\/es\/equipament\/can-grau\/\">Can Grau<\/a>, a unos 40 minutos de Castellet y la Gornal, lo tendr\u00e1s todo listo para disfrutar de unos d\u00edas en familia en plena naturaleza: \u00a1cocina casera, tranquilidad y mucha diversi\u00f3n!<\/p>\n<\/blockquote>\n<p>[\/et_pb_text][et_pb_button button_text=\u00bbVen a Can Grau\u00bb button_alignment=\u00bbcenter\u00bb _builder_version=\u00bb4.27.4&#8243; _module_preset=\u00bbdefault\u00bb custom_margin=\u00bb25px||||false|false\u00bb global_colors_info=\u00bb{}\u00bb][\/et_pb_button][et_pb_divider _builder_version=\u00bb4.27.4&#8243; _module_preset=\u00bbdefault\u00bb custom_margin=\u00bb30px||||false|false\u00bb global_colors_info=\u00bb{}\u00bb][\/et_pb_divider][\/et_pb_column][\/et_pb_row][et_pb_row _builder_version=\u00bb4.27.4&#8243; _module_preset=\u00bbdefault\u00bb global_colors_info=\u00bb{}\u00bb][et_pb_column type=\u00bb4_4&#8243; _builder_version=\u00bb4.27.4&#8243; _module_preset=\u00bbdefault\u00bb global_colors_info=\u00bb{}\u00bb][et_pb_text admin_label=\u00bbCastell de Castellet\u00bb _builder_version=\u00bb4.27.4&#8243; _module_preset=\u00bbdefault\u00bb hover_enabled=\u00bb0&#8243; global_colors_info=\u00bb{}\u00bb sticky_enabled=\u00bb0&#8243;]<\/p>\n<h3><i class=\"fa-solid fa-fort\"><\/i>  EL CASTILLO DE CASTELLET<\/h3>\n<p>\u00bfQuieres descubrir una de las <strong>joyas arquitect\u00f3nicas m\u00e1s relevantes del Pened\u00e8s<\/strong>? En Castellet i la Gornal encontramos un castillo sobre una colina, con or\u00edgenes en los siglo X, que ofrece unas <strong>vistas impresionantes al pantano del Foix<\/strong>. Es un castillo muy bien conservado y de gran belleza, que antiguamente ten\u00eda la <strong>funci\u00f3n de defender el territorio<\/strong> y era tambi\u00e9n un importante centro del poder feudal. Actualmente, es un referente hist\u00f3rico, cultural y tur\u00edstico, que visitan cientos de personas cada a\u00f1o.   <\/p>\n<p>Adem\u00e1s, el entorno que lo rodea lo convierte en un <strong>lugar ideal para dar un paseo tranquilo con ni\u00f1os y ni\u00f1as<\/strong>. La combinaci\u00f3n de naturaleza e historia hace que la visita sea amena a la vez que educativa. <strong>\u00a1Deja volar tu imaginaci\u00f3n<\/strong> y ad\u00e9ntrate en el pasado medieval del pueblo! <\/p>\n<p>[\/et_pb_text][et_pb_image src=\u00bbhttps:\/\/cases.fundesplai.org\/wp-content\/uploads\/2026\/04\/Castell-de-Castellet.jpg\u00bb title_text=\u00bbCastillo de Castellet\u00bb align=\u00bbcenter\u00bb _builder_version=\u00bb4.27.4&#8243; _module_preset=\u00bbdefault\u00bb custom_margin=\u00bb30px||||false|false\u00bb global_colors_info=\u00bb{}\u00bb][\/et_pb_image][et_pb_text admin_label=\u00bbLlic\u00e8ncia\u00bb _builder_version=\u00bb4.27.4&#8243; _module_preset=\u00bbdefault\u00bb custom_margin=\u00bb||||false|false\u00bb global_colors_info=\u00bb{}\u00bb]<\/p>\n<p style=\"text-align: center;\"><em>Imagen realizada por <a href=\"https:\/\/commons.wikimedia.org\/wiki\/File:Castell_de_Castellet_(Castellet_i_la_Gornal)_-_3.jpg\" target=\"_blank\" rel=\"noopener\">Angela Llop<\/a> en Wikimedia. Licencia <a href=\"https:\/\/creativecommons.org\/licenses\/by-sa\/2.0\/deed.en\" target=\"_blank\" rel=\"noopener\">CC BY-SA 2.0<\/a>. <\/em><\/p>\n<p>[\/et_pb_text][et_pb_text admin_label=\u00bbRuta autoguiada\u00bb _builder_version=\u00bb4.27.4&#8243; _module_preset=\u00bbdefault\u00bb custom_margin=\u00bb30px||||false|false\u00bb global_colors_info=\u00bb{}\u00bb]<\/p>\n<h3><i class=\"fa-solid fa-shoe-prints\"><\/i> \u00abCastellet encantado\u00bb: una ruta autoguiada<\/h3>\n<p>Si te interesa conocer <strong>los oficios y tradiciones de los habitantes del pueblo<\/strong> de una manera diferente, esta ruta es un gran acierto. \u00a1A lo largo del recorrido por el casco antiguo encontrar\u00e1s <strong>figuras bidimensionales a escala real<\/strong>! Es una opci\u00f3n divertida para descubrir de cerca la vida local, as\u00ed como despertar la curiosidad de los m\u00e1s peque\u00f1os y peque\u00f1as. <\/p>\n<p>El autor de estas obras es el reconocido autor local <strong>Luis Zafrilla<\/strong>. La ruta finaliza en un mirador con <strong>vistas panor\u00e1micas al Parque del Foix y al Pened\u00e8s<\/strong>, donde encontrar\u00e1s la obra \u201cM\u00f6ebius\u201d, que muestra en 12 vi\u00f1etas las etapas del cultivo de la vi\u00f1a. <\/p>\n<p>[\/et_pb_text][et_pb_image src=\u00bbhttps:\/\/cases.fundesplai.org\/wp-content\/uploads\/2026\/04\/Escultures-Castellet-i-la-Gornal.jpg\u00bb title_text=\u00bbEsculturas Castellet i la Gornal\u00bb align=\u00bbcenter\u00bb admin_label=\u00bbImage\u00bb _builder_version=\u00bb4.27.4&#8243; _module_preset=\u00bbdefault\u00bb custom_margin=\u00bb30px||||false|false\u00bb global_colors_info=\u00bb{}\u00bb][\/et_pb_image][et_pb_text admin_label=\u00bbLlic\u00e8ncia\u00bb _builder_version=\u00bb4.27.4&#8243; _module_preset=\u00bbdefault\u00bb global_colors_info=\u00bb{}\u00bb]<\/p>\n<p style=\"text-align: center;\"><em>Imagen realizada por <a href=\"https:\/\/commons.wikimedia.org\/wiki\/File:015_Escultura_El_marge_dels_oficis,_de_Luis_Zafrilla_(Castellet),_al_fons_els_camps_de_la_Timba.jpg\" target=\"_blank\" rel=\"noopener\">Enric<\/a> en Wikimedia. Licencia <a href=\"https:\/\/creativecommons.org\/licenses\/by-sa\/4.0\/deed.en\" target=\"_blank\" rel=\"noopener\">CC BY-SA 4.0<\/a>. <\/em><\/p>\n<p>[\/et_pb_text][et_pb_text admin_label=\u00bbVisites teatralitzades\u00bb _builder_version=\u00bb4.27.4&#8243; _module_preset=\u00bbdefault\u00bb custom_margin=\u00bb30px||||false|false\u00bb global_colors_info=\u00bb{}\u00bb]<\/p>\n<h3><i class=\"fa-solid fa-masks-theater\"><\/i> Visitas teatralizadas<\/h3>\n<p>Si quieres ir un paso m\u00e1s all\u00e1, no puedes perderte las visitas teatralizadas. En aproximadamente <strong>una hora de recorrido<\/strong>, descubrir\u00e1s de la forma m\u00e1s original este pueblo tan pintoresco. Carmeta, una vecina muy especial, te contar\u00e1 <strong>historias de los a\u00f1os sesenta con mucho humor<\/strong>.  <\/p>\n<p>Durante la visita <strong>conocer\u00e1s los secretos y rincones del pueblo<\/strong>: historias de se\u00f1ores del castillo, el trabajo de los trabajadores de la cantera, el lavadero entre vecinas y muchas an\u00e9cdotas m\u00e1s. \u00a1Seguro que tus hijos e hijas disfrutar\u00e1n de este <strong>formato din\u00e1mico y participativo<\/strong>, donde reir\u00e1n y aprender\u00e1n! <\/p>\n<p>[\/et_pb_text][et_pb_text admin_label=\u00bbInfo pr\u00e0ctica\u00bb _builder_version=\u00bb4.27.4&#8243; _module_preset=\u00bbdefault\u00bb custom_margin=\u00bb25px||||false|false\u00bb custom_padding=\u00bb|20px|15px|20px|false|false\u00bb border_radii=\u00bbon|4px|4px|4px|4px\u00bb border_width_all=\u00bb3px\u00bb border_color_all=\u00bb#DCDC1C\u00bb global_colors_info=\u00bb{}\u00bb]<\/p>\n<h4>Informaci\u00f3n pr\u00e1ctica<\/h4>\n<p>\ud83d\udccd <strong>Punto de inicio:<\/strong> aparcamiento municipal junto a la carretera BV-2115<br \/>\u23f1\ufe0f <strong>Duraci\u00f3n:<\/strong> 1 hora<br \/>\ud83d\ude97 <strong>Aparcamiento:<\/strong> aparcamiento del cementerio (luego s\u00f3lo hay que bajar caminando hasta el punto de encuentro)<br \/>\ud83d\udca1 <strong>Consejo para familias:<\/strong> Llega con tiempo para aparcar y para que los ni\u00f1os y ni\u00f1as exploren el entorno tranquilamente antes de empezar la actividad<\/p>\n<p>[\/et_pb_text][et_pb_text disabled_on=\u00bbon|on|on\u00bb admin_label=\u00bbTallers ambientals\u00bb _builder_version=\u00bb4.27.4&#8243; _module_preset=\u00bbdefault\u00bb custom_margin=\u00bb30px||||false|false\u00bb disabled=\u00bbon\u00bb global_colors_info=\u00bb{}\u00bb]<\/p>\n<h3><i class=\"fa-solid fa-leaf\"><\/i> Talleres ambientales para familias<\/h3>\n<p>\u00bfSab\u00edas que puedes realizar <strong>actividades ambientales en familia<\/strong>? El taller se llama \u00bb <strong>Huellas de Naturaleza<\/strong> \u00bb y permitir\u00e1 descubrir a ni\u00f1os, ni\u00f1as y adultos la <strong>fauna y flora del Parque del Fox y del pueblo de Castellet y la Gornal<\/strong>. Tambi\u00e9n podr\u00e1s conocer cu\u00e1les son las tradiciones vitivin\u00edcolas y qu\u00e9 usos se les da a las plantas de esta zona. Si tienes ganas de <strong>conectar con la naturaleza<\/strong> y aprender de forma l\u00fadica y educativa esta actividad es para ti y para todos los que quieran vivir una experiencia que conecte con la esencia y ra\u00edces de este lugar.   <\/p>\n<p>Algunos <strong>ejemplos de talleres<\/strong> que se hacen son <a href=\"https:\/\/cases.fundesplai.org\/es\/blog-es\/naturaleza\/como-hacer-comederos-para-pajaros\/\">comederos para p\u00e1jaros<\/a>, estampaci\u00f3n de una bolsa de ropa con elementos naturales de un vi\u00f1edo o hacer alcohol con <a href=\"https:\/\/cases.fundesplai.org\/es\/blog-es\/plantas\/20-plantas-medicinales-de-primavera\/\">plantas medicinales<\/a> , como el romero. Todo esto, mientras aprendes sobre los animales y plantas que viven en este territorio, as\u00ed como el d\u00eda a d\u00eda de los campesinos y campesinas en los vi\u00f1edos. <\/p>\n<p>[\/et_pb_text][et_pb_text admin_label=\u00bbCastellet medieval\u00bb _builder_version=\u00bb4.27.4&#8243; _module_preset=\u00bbdefault\u00bb custom_margin=\u00bb30px||||false|false\u00bb global_colors_info=\u00bb{}\u00bb]<\/p>\n<h3><i class=\"fa-regular fa-tent-double-peak\"><\/i> Feria Castellet Medieval<\/h3>\n<p>A principios de junio, Castellet i la Gornal se transforma cada a\u00f1o en un aut\u00e9ntico <strong>escenario de \u00e9poca<\/strong>. Es una propuesta perfecta para hacer con ni\u00f1os y ni\u00f1as, ya que combina historia, cultura y actividades en un entorno \u00fanico. Durante la feria encontrar\u00e1s <strong>pasacalles musicales, espect\u00e1culos familiares, talleres, demostraciones de oficios antiguos y puestos de artesan\u00eda<\/strong>. Tambi\u00e9n existe una muestra enogastron\u00f3mica con productos locales para completar la experiencia.   <\/p>\n<p><strong>\u00a1D\u00e9jate llevar por la magia medieval<\/strong>, imagina caballeros y artesanos, y disfruta de todas las actividades en familia!<\/p>\n<p>[\/et_pb_text][et_pb_text admin_label=\u00bbInfo pr\u00e0ctica\u00bb _builder_version=\u00bb4.27.4&#8243; _module_preset=\u00bbdefault\u00bb custom_margin=\u00bb25px||||false|false\u00bb custom_padding=\u00bb|20px|15px|20px|false|false\u00bb border_radii=\u00bbon|4px|4px|4px|4px\u00bb border_width_all=\u00bb3px\u00bb border_color_all=\u00bb#DCDC1C\u00bb global_colors_info=\u00bb{}\u00bb]<\/p>\n<h4>Informaci\u00f3n pr\u00e1ctica<\/h4>\n<p>\ud83d\udcc5 <strong>Fechas:<\/strong> principios de junio (consulta la <a href=\"https:\/\/www-castelletilagornal-cat.translate.goog\/?_x_tr_sl=ca&amp;_x_tr_tl=es&amp;_x_tr_hl=esie%3DUTF-8\" target=\"_blank\" rel=\"noopener\">web oficial del ayuntamiento<\/a> para conocer cada a\u00f1o la fecha exacta)<br \/>\ud83d\udccd <strong>Lugar:<\/strong> N\u00facleo de Castellet (Castellet y la Gornal)<br \/>\ud83d\udd52 <strong>Horario:<\/strong> s\u00e1bado de 11 ha 23.30 h \/ domingo de 11 ha 22 h<br \/>\ud83d\ude8c <strong>Acceso:<\/strong> buses lanzadera gratuitos desde las zonas de aparcamiento habilitadas en Clariana y Torrelletes<\/p>\n<p>[\/et_pb_text][et_pb_text admin_label=\u00bbCom arribar-hi\u00bb _builder_version=\u00bb4.27.4&#8243; _module_preset=\u00bbdefault\u00bb custom_margin=\u00bb30px||||false|false\u00bb global_colors_info=\u00bb{}\u00bb]<\/p>\n<h3><i class=\"fa-solid fa-car\"><\/i> \u00bfC\u00f3mo llegar?<\/h3>\n<p>La mejor manera de acceder a Castellet y la Gornal es <strong>en coche<\/strong>. Las principales carreteras que llegan al Pened\u00e8s son la N340, C15, C32 y AP7. Si te alojas en nuestra <strong>casa de colonias de Can Grau<\/strong>, puedes llegar yendo primero por la <strong>BV-2111<\/strong> y enlazando con la carretera <strong>N-340<\/strong>.  <\/p>\n<p>[\/et_pb_text][et_pb_image src=\u00bbhttps:\/\/cases.fundesplai.org\/wp-content\/uploads\/2026\/04\/Flora-Parc-del-Foix.jpg\u00bb title_text=\u00bbFlora Parque del Foix\u00bb align=\u00bbcenter\u00bb admin_label=\u00bbImage\u00bb _builder_version=\u00bb4.27.4&#8243; _module_preset=\u00bbdefault\u00bb custom_margin=\u00bb30px||||false|false\u00bb global_colors_info=\u00bb{}\u00bb][\/et_pb_image][et_pb_text admin_label=\u00bbLlic\u00e8ncia\u00bb _builder_version=\u00bb4.27.4&#8243; _module_preset=\u00bbdefault\u00bb custom_margin=\u00bb||||false|false\u00bb global_colors_info=\u00bb{}\u00bb]<\/p>\n<p style=\"text-align: center;\"><em>Imagen realizada por <a href=\"https:\/\/commons.wikimedia.org\/wiki\/File:Parc_del_Foix_-_10.jpg\" target=\"_blank\" rel=\"noopener\">Angela Llop<\/a> en Wikimedia. Licencia <a href=\"https:\/\/creativecommons.org\/licenses\/by-sa\/2.0\/deed.en\" target=\"_blank\" rel=\"noopener\">CC BY-SA 2.0<\/a>. <\/em><\/p>\n<p>[\/et_pb_text][\/et_pb_column][\/et_pb_row][et_pb_row _builder_version=\u00bb4.27.4&#8243; _module_preset=\u00bbdefault\u00bb global_colors_info=\u00bb{}\u00bb][et_pb_column type=\u00bb4_4&#8243; _builder_version=\u00bb4.27.4&#8243; _module_preset=\u00bbdefault\u00bb global_colors_info=\u00bb{}\u00bb][et_pb_text admin_label=\u00bbM\u00e9s plans per fer\u00bb _builder_version=\u00bb4.27.4&#8243; _module_preset=\u00bbdefault\u00bb custom_margin=\u00bb30px||||false|false\u00bb global_colors_info=\u00bb{}\u00bb]<\/p>\n<h3><i class=\"fa-solid fa-circle-info\"><\/i> Otros planes para hacer en el Garraf, al lado del Pened\u00e8s:<\/h3>\n<ul>\n<li><a href=\"https:\/\/cases.fundesplai.org\/es\/blog-es\/punto-de-interes-turistico\/conoce-el-monasterio-budista-del-garraf\/\">Conoce el monasterio budista del Garraf<\/a><\/li>\n<li><a href=\"https:\/\/cases.fundesplai.org\/blog\/excursions\/rutes-senderisme-garraf\/\">Las mejores rutas de senderismo por el Garraf<\/a><\/li>\n<li><a href=\"https:\/\/cases.fundesplai.org\/es\/blog-es\/naturaleza\/que-tiene-de-especial-el-paisaje-de-el-garraf\/\">\u00bfQu\u00e9 tiene de especial el paisaje de El Garraf?<\/a><\/li>\n<\/ul>\n<p>[\/et_pb_text][et_pb_divider _builder_version=\u00bb4.27.4&#8243; _module_preset=\u00bbdefault\u00bb custom_margin=\u00bb30px||||false|false\u00bb global_colors_info=\u00bb{}\u00bb][\/et_pb_divider][et_pb_text admin_label=\u00bbConclusi\u00f3\u00bb _builder_version=\u00bb4.27.4&#8243; _module_preset=\u00bbdefault\u00bb global_colors_info=\u00bb{}\u00bb]<\/p>\n<p>Castellet i la Gornal siempre es un buen destino para <strong>ir con tus hijos e hijas<\/strong>, ya sea en un d\u00eda cualquiera o aprovechando alg\u00fan evento especial como \u00abCastellet Medieval\u00bb. Su castillo imponente, las calles con encanto, la ruta de las esculturas y las visitas teatralizadas, entre otras, ofrecen <strong>propuestas muy variadas y para todas las edades<\/strong> <strong>junto al Parque del Foix<\/strong>.  <\/p>\n<p style=\"text-align: center;\"><strong>\u00bfCon ganas de viajar en el tiempo y crear recuerdos compartidos en familia? \ud83d\ude09  <\/strong><\/p>\n<p>[\/et_pb_text][et_pb_button button_url=\u00bbhttps:\/\/cases.fundesplai.org\/es\/equipament\/can-grau\/\u00bb button_text=\u00bbReserva en Can Grau\u00bb button_alignment=\u00bbcenter\u00bb _builder_version=\u00bb4.27.4&#8243; _module_preset=\u00bbdefault\u00bb custom_margin=\u00bb25px||||false|false\u00bb global_colors_info=\u00bb{}\u00bb][\/et_pb_button][et_pb_text admin_label=\u00bbLlic\u00e8ncia portada\u00bb _builder_version=\u00bb4.27.4&#8243; _module_preset=\u00bbdefault\u00bb custom_margin=\u00bb50px||||false|false\u00bb global_colors_info=\u00bb{}\u00bb]<em>Foto de portada realizada por <a href=\"https:\/\/commons.wikimedia.org\/wiki\/File:Castell_de_Castellet_(Castellet_i_la_Gornal)_-_8.jpg\">Angela Llop<\/a> en Wikimedia. Licencia <a href=\"https:\/\/creativecommons.org\/licenses\/by-sa\/2.0\/deed.en\" target=\"_blank\" rel=\"noopener\">CC BY-SA 2.0<\/a>. <\/em>[\/et_pb_text][\/et_pb_column][\/et_pb_row][\/et_pb_section]<\/p>\n","protected":false},"excerpt":{"rendered":"<p>Descubre Castellet i la Gornal en familia: un castillo, rutas y actividades en un entorno natural. Ideal para pasar un d\u00eda con ni\u00f1os y ni\u00f1as. <\/p>\n","protected":false},"author":430,"featured_media":66869,"comment_status":"closed","ping_status":"closed","sticky":false,"template":"","format":"standard","meta":{"_et_pb_use_builder":"on","_et_pb_old_content":"","_et_gb_content_width":"","footnotes":""},"categories":[197],"tags":[],"class_list":["post-66870","post","type-post","status-publish","format-standard","has-post-thumbnail","hentry","category-punto-de-interes-turistico"],"yoast_head":"<!-- This site is optimized with the Yoast SEO plugin v27.5 - https:\/\/yoast.com\/product\/yoast-seo-wordpress\/ -->\n<title>Un viaje medieval a Castellet i la Gornal - Cases de col\u00f2nies - Fundesplai<\/title>\n<meta name=\"description\" content=\"Descubre a Castellet i la Gornal en familia: un castillo, rutas y actividades en un entorno natural. Ideal para pasar un d\u00eda con ni\u00f1os y ni\u00f1as.\" \/>\n<meta name=\"robots\" content=\"index, follow, max-snippet:-1, max-image-preview:large, max-video-preview:-1\" \/>\n<link rel=\"canonical\" href=\"https:\/\/cases.fundesplai.org\/es\/blog-es\/punto-de-interes-turistico\/un-viaje-medieval-a-castellet-i-la-gornal\/\" \/>\n<meta property=\"og:locale\" content=\"es_ES\" \/>\n<meta property=\"og:type\" content=\"article\" \/>\n<meta property=\"og:title\" content=\"Un viaje medieval a Castellet i la Gornal - Cases de col\u00f2nies - Fundesplai\" \/>\n<meta property=\"og:description\" content=\"Descubre a Castellet i la Gornal en familia: un castillo, rutas y actividades en un entorno natural. Ideal para pasar un d\u00eda con ni\u00f1os y ni\u00f1as.\" \/>\n<meta property=\"og:url\" content=\"https:\/\/cases.fundesplai.org\/es\/blog-es\/punto-de-interes-turistico\/un-viaje-medieval-a-castellet-i-la-gornal\/\" \/>\n<meta property=\"og:site_name\" content=\"Cases de col\u00f2nies - Fundesplai\" \/>\n<meta property=\"article:published_time\" content=\"2026-04-30T08:00:00+00:00\" \/>\n<meta property=\"article:modified_time\" content=\"2026-04-30T10:13:29+00:00\" \/>\n<meta property=\"og:image\" content=\"https:\/\/cases.fundesplai.org\/wp-content\/uploads\/2026\/04\/Castellet-i-la-Gornal.jpg\" \/>\n\t<meta property=\"og:image:width\" content=\"1888\" \/>\n\t<meta property=\"og:image:height\" content=\"900\" \/>\n\t<meta property=\"og:image:type\" content=\"image\/jpeg\" \/>\n<meta name=\"author\" content=\"nuria.juncosas\" \/>\n<meta name=\"twitter:card\" content=\"summary_large_image\" \/>\n<meta name=\"twitter:label1\" content=\"Escrito por\" \/>\n\t<meta name=\"twitter:data1\" content=\"nuria.juncosas\" \/>\n\t<meta name=\"twitter:label2\" content=\"Tiempo de lectura\" \/>\n\t<meta name=\"twitter:data2\" content=\"9 minutos\" \/>\n<script type=\"application\/ld+json\" class=\"yoast-schema-graph\">{\"@context\":\"https:\\\/\\\/schema.org\",\"@graph\":[{\"@type\":\"Article\",\"@id\":\"https:\\\/\\\/cases.fundesplai.org\\\/es\\\/blog-es\\\/punto-de-interes-turistico\\\/un-viaje-medieval-a-castellet-i-la-gornal\\\/#article\",\"isPartOf\":{\"@id\":\"https:\\\/\\\/cases.fundesplai.org\\\/es\\\/blog-es\\\/punto-de-interes-turistico\\\/un-viaje-medieval-a-castellet-i-la-gornal\\\/\"},\"author\":{\"name\":\"nuria.juncosas\",\"@id\":\"https:\\\/\\\/cases.fundesplai.org\\\/es\\\/#\\\/schema\\\/person\\\/3af336e63c4d37760aea0130588cefe6\"},\"headline\":\"Un viaje medieval a Castellet i la Gornal\",\"datePublished\":\"2026-04-30T08:00:00+00:00\",\"dateModified\":\"2026-04-30T10:13:29+00:00\",\"mainEntityOfPage\":{\"@id\":\"https:\\\/\\\/cases.fundesplai.org\\\/es\\\/blog-es\\\/punto-de-interes-turistico\\\/un-viaje-medieval-a-castellet-i-la-gornal\\\/\"},\"wordCount\":1875,\"image\":{\"@id\":\"https:\\\/\\\/cases.fundesplai.org\\\/es\\\/blog-es\\\/punto-de-interes-turistico\\\/un-viaje-medieval-a-castellet-i-la-gornal\\\/#primaryimage\"},\"thumbnailUrl\":\"https:\\\/\\\/cases.fundesplai.org\\\/wp-content\\\/uploads\\\/2026\\\/04\\\/Castellet-i-la-Gornal.jpg\",\"articleSection\":[\"Punto de inter\u00e9s tur\u00edstico\"],\"inLanguage\":\"es\"},{\"@type\":\"WebPage\",\"@id\":\"https:\\\/\\\/cases.fundesplai.org\\\/es\\\/blog-es\\\/punto-de-interes-turistico\\\/un-viaje-medieval-a-castellet-i-la-gornal\\\/\",\"url\":\"https:\\\/\\\/cases.fundesplai.org\\\/es\\\/blog-es\\\/punto-de-interes-turistico\\\/un-viaje-medieval-a-castellet-i-la-gornal\\\/\",\"name\":\"Un viaje medieval a Castellet i la Gornal - Cases de col\u00f2nies - Fundesplai\",\"isPartOf\":{\"@id\":\"https:\\\/\\\/cases.fundesplai.org\\\/es\\\/#website\"},\"primaryImageOfPage\":{\"@id\":\"https:\\\/\\\/cases.fundesplai.org\\\/es\\\/blog-es\\\/punto-de-interes-turistico\\\/un-viaje-medieval-a-castellet-i-la-gornal\\\/#primaryimage\"},\"image\":{\"@id\":\"https:\\\/\\\/cases.fundesplai.org\\\/es\\\/blog-es\\\/punto-de-interes-turistico\\\/un-viaje-medieval-a-castellet-i-la-gornal\\\/#primaryimage\"},\"thumbnailUrl\":\"https:\\\/\\\/cases.fundesplai.org\\\/wp-content\\\/uploads\\\/2026\\\/04\\\/Castellet-i-la-Gornal.jpg\",\"datePublished\":\"2026-04-30T08:00:00+00:00\",\"dateModified\":\"2026-04-30T10:13:29+00:00\",\"author\":{\"@id\":\"https:\\\/\\\/cases.fundesplai.org\\\/es\\\/#\\\/schema\\\/person\\\/3af336e63c4d37760aea0130588cefe6\"},\"description\":\"Descubre a Castellet i la Gornal en familia: un castillo, rutas y actividades en un entorno natural. Ideal para pasar un d\u00eda con ni\u00f1os y ni\u00f1as.\",\"breadcrumb\":{\"@id\":\"https:\\\/\\\/cases.fundesplai.org\\\/es\\\/blog-es\\\/punto-de-interes-turistico\\\/un-viaje-medieval-a-castellet-i-la-gornal\\\/#breadcrumb\"},\"inLanguage\":\"es\",\"potentialAction\":[{\"@type\":\"ReadAction\",\"target\":[\"https:\\\/\\\/cases.fundesplai.org\\\/es\\\/blog-es\\\/punto-de-interes-turistico\\\/un-viaje-medieval-a-castellet-i-la-gornal\\\/\"]}]},{\"@type\":\"ImageObject\",\"inLanguage\":\"es\",\"@id\":\"https:\\\/\\\/cases.fundesplai.org\\\/es\\\/blog-es\\\/punto-de-interes-turistico\\\/un-viaje-medieval-a-castellet-i-la-gornal\\\/#primaryimage\",\"url\":\"https:\\\/\\\/cases.fundesplai.org\\\/wp-content\\\/uploads\\\/2026\\\/04\\\/Castellet-i-la-Gornal.jpg\",\"contentUrl\":\"https:\\\/\\\/cases.fundesplai.org\\\/wp-content\\\/uploads\\\/2026\\\/04\\\/Castellet-i-la-Gornal.jpg\",\"width\":1888,\"height\":900,\"caption\":\"Vistas al pantano del Foix desde el Castillo de Castellet\"},{\"@type\":\"BreadcrumbList\",\"@id\":\"https:\\\/\\\/cases.fundesplai.org\\\/es\\\/blog-es\\\/punto-de-interes-turistico\\\/un-viaje-medieval-a-castellet-i-la-gornal\\\/#breadcrumb\",\"itemListElement\":[{\"@type\":\"ListItem\",\"position\":1,\"name\":\"Inici\",\"item\":\"https:\\\/\\\/cases.fundesplai.org\\\/es\\\/inici-2\\\/\"},{\"@type\":\"ListItem\",\"position\":2,\"name\":\"Un viaje medieval a Castellet i la Gornal\"}]},{\"@type\":\"WebSite\",\"@id\":\"https:\\\/\\\/cases.fundesplai.org\\\/es\\\/#website\",\"url\":\"https:\\\/\\\/cases.fundesplai.org\\\/es\\\/\",\"name\":\"Cases de col\u00f2nies - Fundesplai\",\"description\":\"Equipaments de Fundesplai\",\"potentialAction\":[{\"@type\":\"SearchAction\",\"target\":{\"@type\":\"EntryPoint\",\"urlTemplate\":\"https:\\\/\\\/cases.fundesplai.org\\\/es\\\/?s={search_term_string}\"},\"query-input\":{\"@type\":\"PropertyValueSpecification\",\"valueRequired\":true,\"valueName\":\"search_term_string\"}}],\"inLanguage\":\"es\"},{\"@type\":\"Person\",\"@id\":\"https:\\\/\\\/cases.fundesplai.org\\\/es\\\/#\\\/schema\\\/person\\\/3af336e63c4d37760aea0130588cefe6\",\"name\":\"nuria.juncosas\",\"image\":{\"@type\":\"ImageObject\",\"inLanguage\":\"es\",\"@id\":\"https:\\\/\\\/secure.gravatar.com\\\/avatar\\\/bcbb16a2eb9c62ee346503346aec67f0605a3cb1a810858e1fb28a6c708f6caf?s=96&d=identicon&r=g\",\"url\":\"https:\\\/\\\/secure.gravatar.com\\\/avatar\\\/bcbb16a2eb9c62ee346503346aec67f0605a3cb1a810858e1fb28a6c708f6caf?s=96&d=identicon&r=g\",\"contentUrl\":\"https:\\\/\\\/secure.gravatar.com\\\/avatar\\\/bcbb16a2eb9c62ee346503346aec67f0605a3cb1a810858e1fb28a6c708f6caf?s=96&d=identicon&r=g\",\"caption\":\"nuria.juncosas\"},\"url\":\"https:\\\/\\\/cases.fundesplai.org\\\/es\\\/author\\\/nuria-juncosas\\\/\"}]}<\/script>\n<!-- \/ Yoast SEO plugin. -->","yoast_head_json":{"title":"Un viaje medieval a Castellet i la Gornal - Cases de col\u00f2nies - Fundesplai","description":"Descubre a Castellet i la Gornal en familia: un castillo, rutas y actividades en un entorno natural. Ideal para pasar un d\u00eda con ni\u00f1os y ni\u00f1as.","robots":{"index":"index","follow":"follow","max-snippet":"max-snippet:-1","max-image-preview":"max-image-preview:large","max-video-preview":"max-video-preview:-1"},"canonical":"https:\/\/cases.fundesplai.org\/es\/blog-es\/punto-de-interes-turistico\/un-viaje-medieval-a-castellet-i-la-gornal\/","og_locale":"es_ES","og_type":"article","og_title":"Un viaje medieval a Castellet i la Gornal - Cases de col\u00f2nies - Fundesplai","og_description":"Descubre a Castellet i la Gornal en familia: un castillo, rutas y actividades en un entorno natural. Ideal para pasar un d\u00eda con ni\u00f1os y ni\u00f1as.","og_url":"https:\/\/cases.fundesplai.org\/es\/blog-es\/punto-de-interes-turistico\/un-viaje-medieval-a-castellet-i-la-gornal\/","og_site_name":"Cases de col\u00f2nies - Fundesplai","article_published_time":"2026-04-30T08:00:00+00:00","article_modified_time":"2026-04-30T10:13:29+00:00","og_image":[{"width":1888,"height":900,"url":"https:\/\/cases.fundesplai.org\/wp-content\/uploads\/2026\/04\/Castellet-i-la-Gornal.jpg","type":"image\/jpeg"}],"author":"nuria.juncosas","twitter_card":"summary_large_image","twitter_misc":{"Escrito por":"nuria.juncosas","Tiempo de lectura":"9 minutos"},"schema":{"@context":"https:\/\/schema.org","@graph":[{"@type":"Article","@id":"https:\/\/cases.fundesplai.org\/es\/blog-es\/punto-de-interes-turistico\/un-viaje-medieval-a-castellet-i-la-gornal\/#article","isPartOf":{"@id":"https:\/\/cases.fundesplai.org\/es\/blog-es\/punto-de-interes-turistico\/un-viaje-medieval-a-castellet-i-la-gornal\/"},"author":{"name":"nuria.juncosas","@id":"https:\/\/cases.fundesplai.org\/es\/#\/schema\/person\/3af336e63c4d37760aea0130588cefe6"},"headline":"Un viaje medieval a Castellet i la Gornal","datePublished":"2026-04-30T08:00:00+00:00","dateModified":"2026-04-30T10:13:29+00:00","mainEntityOfPage":{"@id":"https:\/\/cases.fundesplai.org\/es\/blog-es\/punto-de-interes-turistico\/un-viaje-medieval-a-castellet-i-la-gornal\/"},"wordCount":1875,"image":{"@id":"https:\/\/cases.fundesplai.org\/es\/blog-es\/punto-de-interes-turistico\/un-viaje-medieval-a-castellet-i-la-gornal\/#primaryimage"},"thumbnailUrl":"https:\/\/cases.fundesplai.org\/wp-content\/uploads\/2026\/04\/Castellet-i-la-Gornal.jpg","articleSection":["Punto de inter\u00e9s tur\u00edstico"],"inLanguage":"es"},{"@type":"WebPage","@id":"https:\/\/cases.fundesplai.org\/es\/blog-es\/punto-de-interes-turistico\/un-viaje-medieval-a-castellet-i-la-gornal\/","url":"https:\/\/cases.fundesplai.org\/es\/blog-es\/punto-de-interes-turistico\/un-viaje-medieval-a-castellet-i-la-gornal\/","name":"Un viaje medieval a Castellet i la Gornal - Cases de col\u00f2nies - Fundesplai","isPartOf":{"@id":"https:\/\/cases.fundesplai.org\/es\/#website"},"primaryImageOfPage":{"@id":"https:\/\/cases.fundesplai.org\/es\/blog-es\/punto-de-interes-turistico\/un-viaje-medieval-a-castellet-i-la-gornal\/#primaryimage"},"image":{"@id":"https:\/\/cases.fundesplai.org\/es\/blog-es\/punto-de-interes-turistico\/un-viaje-medieval-a-castellet-i-la-gornal\/#primaryimage"},"thumbnailUrl":"https:\/\/cases.fundesplai.org\/wp-content\/uploads\/2026\/04\/Castellet-i-la-Gornal.jpg","datePublished":"2026-04-30T08:00:00+00:00","dateModified":"2026-04-30T10:13:29+00:00","author":{"@id":"https:\/\/cases.fundesplai.org\/es\/#\/schema\/person\/3af336e63c4d37760aea0130588cefe6"},"description":"Descubre a Castellet i la Gornal en familia: un castillo, rutas y actividades en un entorno natural. Ideal para pasar un d\u00eda con ni\u00f1os y ni\u00f1as.","breadcrumb":{"@id":"https:\/\/cases.fundesplai.org\/es\/blog-es\/punto-de-interes-turistico\/un-viaje-medieval-a-castellet-i-la-gornal\/#breadcrumb"},"inLanguage":"es","potentialAction":[{"@type":"ReadAction","target":["https:\/\/cases.fundesplai.org\/es\/blog-es\/punto-de-interes-turistico\/un-viaje-medieval-a-castellet-i-la-gornal\/"]}]},{"@type":"ImageObject","inLanguage":"es","@id":"https:\/\/cases.fundesplai.org\/es\/blog-es\/punto-de-interes-turistico\/un-viaje-medieval-a-castellet-i-la-gornal\/#primaryimage","url":"https:\/\/cases.fundesplai.org\/wp-content\/uploads\/2026\/04\/Castellet-i-la-Gornal.jpg","contentUrl":"https:\/\/cases.fundesplai.org\/wp-content\/uploads\/2026\/04\/Castellet-i-la-Gornal.jpg","width":1888,"height":900,"caption":"Vistas al pantano del Foix desde el Castillo de Castellet"},{"@type":"BreadcrumbList","@id":"https:\/\/cases.fundesplai.org\/es\/blog-es\/punto-de-interes-turistico\/un-viaje-medieval-a-castellet-i-la-gornal\/#breadcrumb","itemListElement":[{"@type":"ListItem","position":1,"name":"Inici","item":"https:\/\/cases.fundesplai.org\/es\/inici-2\/"},{"@type":"ListItem","position":2,"name":"Un viaje medieval a Castellet i la Gornal"}]},{"@type":"WebSite","@id":"https:\/\/cases.fundesplai.org\/es\/#website","url":"https:\/\/cases.fundesplai.org\/es\/","name":"Cases de col\u00f2nies - Fundesplai","description":"Equipaments de Fundesplai","potentialAction":[{"@type":"SearchAction","target":{"@type":"EntryPoint","urlTemplate":"https:\/\/cases.fundesplai.org\/es\/?s={search_term_string}"},"query-input":{"@type":"PropertyValueSpecification","valueRequired":true,"valueName":"search_term_string"}}],"inLanguage":"es"},{"@type":"Person","@id":"https:\/\/cases.fundesplai.org\/es\/#\/schema\/person\/3af336e63c4d37760aea0130588cefe6","name":"nuria.juncosas","image":{"@type":"ImageObject","inLanguage":"es","@id":"https:\/\/secure.gravatar.com\/avatar\/bcbb16a2eb9c62ee346503346aec67f0605a3cb1a810858e1fb28a6c708f6caf?s=96&d=identicon&r=g","url":"https:\/\/secure.gravatar.com\/avatar\/bcbb16a2eb9c62ee346503346aec67f0605a3cb1a810858e1fb28a6c708f6caf?s=96&d=identicon&r=g","contentUrl":"https:\/\/secure.gravatar.com\/avatar\/bcbb16a2eb9c62ee346503346aec67f0605a3cb1a810858e1fb28a6c708f6caf?s=96&d=identicon&r=g","caption":"nuria.juncosas"},"url":"https:\/\/cases.fundesplai.org\/es\/author\/nuria-juncosas\/"}]}},"_links":{"self":[{"href":"https:\/\/cases.fundesplai.org\/es\/wp-json\/wp\/v2\/posts\/66870","targetHints":{"allow":["GET"]}}],"collection":[{"href":"https:\/\/cases.fundesplai.org\/es\/wp-json\/wp\/v2\/posts"}],"about":[{"href":"https:\/\/cases.fundesplai.org\/es\/wp-json\/wp\/v2\/types\/post"}],"author":[{"embeddable":true,"href":"https:\/\/cases.fundesplai.org\/es\/wp-json\/wp\/v2\/users\/430"}],"replies":[{"embeddable":true,"href":"https:\/\/cases.fundesplai.org\/es\/wp-json\/wp\/v2\/comments?post=66870"}],"version-history":[{"count":2,"href":"https:\/\/cases.fundesplai.org\/es\/wp-json\/wp\/v2\/posts\/66870\/revisions"}],"predecessor-version":[{"id":66872,"href":"https:\/\/cases.fundesplai.org\/es\/wp-json\/wp\/v2\/posts\/66870\/revisions\/66872"}],"wp:featuredmedia":[{"embeddable":true,"href":"https:\/\/cases.fundesplai.org\/es\/wp-json\/wp\/v2\/media\/66869"}],"wp:attachment":[{"href":"https:\/\/cases.fundesplai.org\/es\/wp-json\/wp\/v2\/media?parent=66870"}],"wp:term":[{"taxonomy":"category","embeddable":true,"href":"https:\/\/cases.fundesplai.org\/es\/wp-json\/wp\/v2\/categories?post=66870"},{"taxonomy":"post_tag","embeddable":true,"href":"https:\/\/cases.fundesplai.org\/es\/wp-json\/wp\/v2\/tags?post=66870"}],"curies":[{"name":"wp","href":"https:\/\/api.w.org\/{rel}","templated":true}]}}